{"id":112456,"date":"2021-03-04T11:22:59","date_gmt":"2021-03-04T16:22:59","guid":{"rendered":"https:\/\/linitiative.ca\/International\/vaccination-la-reussite-temoigne-de-la-capacite-a-relever-les-defis\/"},"modified":"2021-03-04T11:22:59","modified_gmt":"2021-03-04T16:22:59","slug":"vaccination-la-reussite-temoigne-de-la-capacite-a-relever-les-defis","status":"publish","type":"post","link":"https:\/\/linitiative.ca\/International\/vaccination-la-reussite-temoigne-de-la-capacite-a-relever-les-defis\/","title":{"rendered":"Vaccination: La r\u00e9ussite t\u00e9moigne de la capacit\u00e9 \u00e0 relever les d\u00e9fis"},"content":{"rendered":"<div class=\"single-featured\"><img alt=\"\" data-src=\"http:\/\/www.mapmarrakech.ma\/map\/uploads\/2021\/03\/El-Otmani-vaccin.jpg\"\/><\/div>\n<div class=\"single-post-excerpt post-excerpt-bc\" readability=\"41\">\n<p>La r\u00e9ussite de la campagne nationale de vaccination contre Covid-19, lanc\u00e9e par SM le Roi Mohammed VI, t\u00e9moigne de la capacit\u00e9 du Maroc \u00e0 relever les d\u00e9fis, notamment dans ces conditions difficiles, a affirm\u00e9, jeudi \u00e0 Rabat, le Chef du gouvernement, Saad Dine El Otmani.<\/p>\n<\/div>\n<div class=\"entry-content clearfix single-post-content\" readability=\"68\">\n<p>Cette op\u00e9ration, qui se d\u00e9roule dans la synergie nationale et dans un climat marqu\u00e9 par la conjugaison des efforts, a \u00e9t\u00e9 salu\u00e9e par les observateurs, y compris les citoyens, la presse nationale et internationale, ainsi que par des personnalit\u00e9s et instances mondiales, a soulign\u00e9 M. El Otmani qui intervenait lors de la r\u00e9union hebdomadaire du conseil de gouvernement tenu en visioconf\u00e9rence.<\/p>\n<p>Il a relev\u00e9 dans ce sens que l\u2019Organisation mondiale de la sant\u00e9 (OMS) a mis en exergue cette campagne en f\u00e9licitant le Royaume pour les progr\u00e8s qu\u2019il a r\u00e9alis\u00e9s en la mati\u00e8re.<\/p>\n<p>Cit\u00e9 par M. Saaid Amzazi, Porte-parole du gouvernement, dans un communiqu\u00e9 lu lors d\u2019un point de presse \u00e0 l\u2019issue du Conseil, le Chef du gouvernement s\u2019est f\u00e9licit\u00e9 du progr\u00e8s r\u00e9alis\u00e9 par le Royaume, sous la conduite sage de Sa Majest\u00e9 le Roi, en remerciant par la m\u00eame tous les secteurs et les r\u00e9gions qui ont contribu\u00e9 \u00e0 la r\u00e9ussite de cette op\u00e9ration, \u00e0 leur t\u00eate les minist\u00e8res de la Sant\u00e9 et de l\u2019Int\u00e9rieur, ainsi que les services administratifs et territoriaux.<\/p>\n<p>Il a, en outre, indiqu\u00e9 que les perspectives de sortie de la crise au niveau mondial ne sont pas encore claires, ce qui exige la poursuite du respect des mesures de pr\u00e9caution, qui constituent, jusqu\u2019\u00e0 ici, la pr\u00e9vention efficiente contre la propagation de la Covid-19, et ce dans l\u2019attente de la g\u00e9n\u00e9ralisation de la vaccination dans un futur proche.<\/p>\n<\/div>\n<p>Auteur: Meriem IGASS<br \/>\n<a href=\"http:\/\/www.mapmarrakech.ma\/fr\/vaccination-la-reussite-temoigne-de-la-capacite-du-maroc-a-relever-les-defis\/\">Cliquez ici pour lire l&rsquo;article depuis sa source.<\/a><\/p>\n","protected":false},"excerpt":{"rendered":"<p>La r\u00e9ussite de la campagne nationale de vaccination contre Covid-19, lanc\u00e9e par SM le Roi Mohammed VI, t\u00e9moigne de la capacit\u00e9 du Maroc \u00e0 relever les d\u00e9fis, notamment dans ces conditions difficiles, a affirm\u00e9, jeudi \u00e0 Rabat, le Chef du gouvernement, Saad Dine El Otmani. Cette op\u00e9ration, qui se d\u00e9roule dans la synergie nationale et [&hellip;]<\/p>\n","protected":false},"author":1788,"featured_media":0,"comment_status":"closed","ping_status":"closed","sticky":false,"template":"","format":"standard","meta":{"fifu_image_url":"http:\/\/www.mapmarrakech.ma\/map\/uploads\/2021\/03\/El-Otmani-vaccin.jpg","fifu_image_alt":"Vaccination: La r\u00e9ussite t\u00e9moigne de la capacit\u00e9 \u00e0 relever les d\u00e9fis","footnotes":""},"categories":[54,76],"tags":[],"class_list":["post-112456","post","type-post","status-publish","format-standard","hentry","category-maroc","category-regions"],"_links":{"self":[{"href":"https:\/\/linitiative.ca\/International\/wp-json\/wp\/v2\/posts\/112456","targetHints":{"allow":["GET"]}}],"collection":[{"href":"https:\/\/linitiative.ca\/International\/wp-json\/wp\/v2\/posts"}],"about":[{"href":"https:\/\/linitiative.ca\/International\/wp-json\/wp\/v2\/types\/post"}],"author":[{"embeddable":true,"href":"https:\/\/linitiative.ca\/International\/wp-json\/wp\/v2\/users\/1788"}],"replies":[{"embeddable":true,"href":"https:\/\/linitiative.ca\/International\/wp-json\/wp\/v2\/comments?post=112456"}],"version-history":[{"count":0,"href":"https:\/\/linitiative.ca\/International\/wp-json\/wp\/v2\/posts\/112456\/revisions"}],"wp:attachment":[{"href":"https:\/\/linitiative.ca\/International\/wp-json\/wp\/v2\/media?parent=112456"}],"wp:term":[{"taxonomy":"category","embeddable":true,"href":"https:\/\/linitiative.ca\/International\/wp-json\/wp\/v2\/categories?post=112456"},{"taxonomy":"post_tag","embeddable":true,"href":"https:\/\/linitiative.ca\/International\/wp-json\/wp\/v2\/tags?post=112456"}],"curies":[{"name":"wp","href":"https:\/\/api.w.org\/{rel}","templated":true}]}}