{"id":112458,"date":"2021-03-04T05:02:44","date_gmt":"2021-03-04T10:02:44","guid":{"rendered":"https:\/\/linitiative.ca\/International\/la-jordanie-ouvre-un-consulat-general-a-laayoune\/"},"modified":"2021-03-04T05:02:44","modified_gmt":"2021-03-04T10:02:44","slug":"la-jordanie-ouvre-un-consulat-general-a-laayoune","status":"publish","type":"post","link":"https:\/\/linitiative.ca\/International\/la-jordanie-ouvre-un-consulat-general-a-laayoune\/","title":{"rendered":"La Jordanie ouvre un consulat g\u00e9n\u00e9ral \u00e0 La\u00e2youne"},"content":{"rendered":"<div class=\"single-featured\"><img alt=\"\" data-src=\"http:\/\/www.mapoujda.ma\/map\/uploads\/2021\/03\/La-Jordanie-ouvre-un-consulat-g\u00e9n\u00e9ral-\u00e0-La\u00e2youne-750\u00d7430-MAP.jpg\"\/><\/div>\n<div class=\"entry-content clearfix single-post-content\" readability=\"58\">\n<p class=\"c4\">Le Royaume hach\u00e9mite de Jordanie a ouvert jeudi un consulat g\u00e9n\u00e9ral \u00e0 La\u00e2youne, la 11\u00e8me repr\u00e9sentation diplomatique inaugur\u00e9e dans la capitale du Sahara marocain depuis un peu plus d\u2019un an.<\/p>\n<p class=\"c4\">La c\u00e9r\u00e9monie d\u2019ouverture de ce consulat a \u00e9t\u00e9 pr\u00e9sid\u00e9e par le ministre des Affaires \u00e9trang\u00e8res, de la Coop\u00e9ration africaine et des Marocains r\u00e9sidant \u00e0 l\u2019\u00e9tranger, Nasser Bourita, et le vice-Premier ministre, ministre jordanien des Affaires \u00e9trang\u00e8res et des Expatri\u00e9s, Ayman Al-Safadi.<\/p>\n<p class=\"c4\">La Jordanie devient ainsi le 11\u00e8me pays \u00e0 avoir inaugur\u00e9 un consulat \u00e0 La\u00e2youne, apr\u00e8s les \u00c9mirats arabes unis, le Bahre\u00efn, la C\u00f4te d\u2019Ivoire, les Iles Comores, le Gabon, Sao-Tom\u00e9-Et principe, la R\u00e9publique centrafricaine, le Burundi, Eswatini et la Zambie.<\/p>\n<\/div>\n<p>Auteur: Soufiane ELAHMAR<br \/>\n<a href=\"http:\/\/www.mapoujda.ma\/fr\/la-jordanie-ouvre-un-consulat-general-a-laayoune\/\">Cliquez ici pour lire l&rsquo;article depuis sa source.<\/a><\/p>\n","protected":false},"excerpt":{"rendered":"<p>Le Royaume hach\u00e9mite de Jordanie a ouvert jeudi un consulat g\u00e9n\u00e9ral \u00e0 La\u00e2youne, la 11\u00e8me repr\u00e9sentation diplomatique inaugur\u00e9e dans la capitale du Sahara marocain depuis un peu plus d\u2019un an. La c\u00e9r\u00e9monie d\u2019ouverture de ce consulat a \u00e9t\u00e9 pr\u00e9sid\u00e9e par le ministre des Affaires \u00e9trang\u00e8res, de la Coop\u00e9ration africaine et des Marocains r\u00e9sidant \u00e0 l\u2019\u00e9tranger, [&hellip;]<\/p>\n","protected":false},"author":1788,"featured_media":0,"comment_status":"closed","ping_status":"closed","sticky":false,"template":"","format":"standard","meta":{"fifu_image_url":"http:\/\/www.mapoujda.ma\/map\/uploads\/2021\/03\/La-Jordanie-ouvre-un-consulat-g\u00e9n\u00e9ral-\u00e0-La\u00e2youne-750\u00d7430-MAP.jpg","fifu_image_alt":"La Jordanie ouvre un consulat g\u00e9n\u00e9ral \u00e0 La\u00e2youne","footnotes":""},"categories":[54,76],"tags":[],"class_list":["post-112458","post","type-post","status-publish","format-standard","hentry","category-maroc","category-regions"],"_links":{"self":[{"href":"https:\/\/linitiative.ca\/International\/wp-json\/wp\/v2\/posts\/112458","targetHints":{"allow":["GET"]}}],"collection":[{"href":"https:\/\/linitiative.ca\/International\/wp-json\/wp\/v2\/posts"}],"about":[{"href":"https:\/\/linitiative.ca\/International\/wp-json\/wp\/v2\/types\/post"}],"author":[{"embeddable":true,"href":"https:\/\/linitiative.ca\/International\/wp-json\/wp\/v2\/users\/1788"}],"replies":[{"embeddable":true,"href":"https:\/\/linitiative.ca\/International\/wp-json\/wp\/v2\/comments?post=112458"}],"version-history":[{"count":0,"href":"https:\/\/linitiative.ca\/International\/wp-json\/wp\/v2\/posts\/112458\/revisions"}],"wp:attachment":[{"href":"https:\/\/linitiative.ca\/International\/wp-json\/wp\/v2\/media?parent=112458"}],"wp:term":[{"taxonomy":"category","embeddable":true,"href":"https:\/\/linitiative.ca\/International\/wp-json\/wp\/v2\/categories?post=112458"},{"taxonomy":"post_tag","embeddable":true,"href":"https:\/\/linitiative.ca\/International\/wp-json\/wp\/v2\/tags?post=112458"}],"curies":[{"name":"wp","href":"https:\/\/api.w.org\/{rel}","templated":true}]}}