{"id":112461,"date":"2021-03-04T09:42:19","date_gmt":"2021-03-04T14:42:19","guid":{"rendered":"https:\/\/linitiative.ca\/International\/le-conseil-de-gouvernement-approuve-des-nominations-a-de-hautes-fonctions\/"},"modified":"2021-03-04T09:42:19","modified_gmt":"2021-03-04T14:42:19","slug":"le-conseil-de-gouvernement-approuve-des-nominations-a-de-hautes-fonctions","status":"publish","type":"post","link":"https:\/\/linitiative.ca\/International\/le-conseil-de-gouvernement-approuve-des-nominations-a-de-hautes-fonctions\/","title":{"rendered":"Le Conseil de gouvernement approuve des nominations \u00e0 de hautes fonctions"},"content":{"rendered":"<p class=\"c4\">Le Conseil de gouvernement, r\u00e9uni jeudi par visioconf\u00e9rence sous la pr\u00e9sidence du Chef du gouvernement, Saad Dine El Otmani, a approuv\u00e9 des propositions de nomination \u00e0 de hautes fonctions, conform\u00e9ment aux dispositions de l\u2019article 92 de la Constitution.<\/p>\n<p class=\"c4\">Au niveau du minist\u00e8re de l\u2019Agriculture, de la P\u00eache maritime, du D\u00e9veloppement rural et des Eaux et For\u00eats, M. Abdelaziz El Hraiki a \u00e9t\u00e9 nomin\u00e9 directeur de l\u2019Institut agronomique et v\u00e9t\u00e9rinaire Hassan II, a indiqu\u00e9 M. Saaid Amzazi, Porte-parole du gouvernement, dans un communiqu\u00e9 lu lors d\u2019un point de presse tenu \u00e0 l\u2019issue du Conseil.<\/p>\n<p class=\"c4\">S\u2019agissant du minist\u00e8re de l\u2019\u00c9ducation nationale, de la Formation professionnelle, de l\u2019Enseignement sup\u00e9rieur et de la Recherche scientifique -D\u00e9partement de l\u2019\u00c9ducation nationale-, Zayd Ben Yedder et Mohamed Azami Hassani ont \u00e9t\u00e9 nomm\u00e9s respectivement directeur du Centre r\u00e9gional des M\u00e9tiers de l\u2019\u00e9ducation et de formation (CRMEF) de la r\u00e9gion de Dr\u00e2a-Tafilalet et directeur du CRMEF de la r\u00e9gion de F\u00e8s-Mekn\u00e8s.<\/p>\n<p class=\"c4\">Il s\u2019agit \u00e9galement de Abdeljalil Chaouki, d\u00e9sign\u00e9 directeur du CRMEF de la r\u00e9gion de Guelmim-Oued Noun, de Mohamed Mimess, nomm\u00e9 directeur du CRMEF de la r\u00e9gion de Souss-Massa, et de Ahmed Chetouani, nomm\u00e9 directeur du CRMEF de la r\u00e9gion de l\u2019Oriental.<\/p>\n<p class=\"c4\">Concernant le minist\u00e8re de l\u2019\u00c9quipement, du Transport, de la Logistique et de l\u2019Eau, Hanane Baghdad a \u00e9t\u00e9 d\u00e9sign\u00e9e directrice de la Direction provisoire charg\u00e9e de superviser la r\u00e9alisation du Complexe Hydraulique Beni-Mansour dans la r\u00e9gion de Tanger-T\u00e9touan-Al Hoceima.<\/p>\n<p>Auteur: Soufiane ELAHMAR<br \/>\n<a href=\"http:\/\/www.mapoujda.ma\/fr\/le-conseil-de-gouvernement-approuve-des-nominations-a-de-hautes-fonctions-2\/\">Cliquez ici pour lire l&rsquo;article depuis sa source.<\/a><\/p>\n","protected":false},"excerpt":{"rendered":"<p>Le Conseil de gouvernement, r\u00e9uni jeudi par visioconf\u00e9rence sous la pr\u00e9sidence du Chef du gouvernement, Saad Dine El Otmani, a approuv\u00e9 des propositions de nomination \u00e0 de hautes fonctions, conform\u00e9ment aux dispositions de l\u2019article 92 de la Constitution. Au niveau du minist\u00e8re de l\u2019Agriculture, de la P\u00eache maritime, du D\u00e9veloppement rural et des Eaux et [&hellip;]<\/p>\n","protected":false},"author":1788,"featured_media":0,"comment_status":"closed","ping_status":"closed","sticky":false,"template":"","format":"standard","meta":{"fifu_image_url":"","fifu_image_alt":"","footnotes":""},"categories":[54,76],"tags":[],"class_list":["post-112461","post","type-post","status-publish","format-standard","hentry","category-maroc","category-regions"],"_links":{"self":[{"href":"https:\/\/linitiative.ca\/International\/wp-json\/wp\/v2\/posts\/112461","targetHints":{"allow":["GET"]}}],"collection":[{"href":"https:\/\/linitiative.ca\/International\/wp-json\/wp\/v2\/posts"}],"about":[{"href":"https:\/\/linitiative.ca\/International\/wp-json\/wp\/v2\/types\/post"}],"author":[{"embeddable":true,"href":"https:\/\/linitiative.ca\/International\/wp-json\/wp\/v2\/users\/1788"}],"replies":[{"embeddable":true,"href":"https:\/\/linitiative.ca\/International\/wp-json\/wp\/v2\/comments?post=112461"}],"version-history":[{"count":0,"href":"https:\/\/linitiative.ca\/International\/wp-json\/wp\/v2\/posts\/112461\/revisions"}],"wp:attachment":[{"href":"https:\/\/linitiative.ca\/International\/wp-json\/wp\/v2\/media?parent=112461"}],"wp:term":[{"taxonomy":"category","embeddable":true,"href":"https:\/\/linitiative.ca\/International\/wp-json\/wp\/v2\/categories?post=112461"},{"taxonomy":"post_tag","embeddable":true,"href":"https:\/\/linitiative.ca\/International\/wp-json\/wp\/v2\/tags?post=112461"}],"curies":[{"name":"wp","href":"https:\/\/api.w.org\/{rel}","templated":true}]}}