{"id":112463,"date":"2021-03-04T09:35:40","date_gmt":"2021-03-04T14:35:40","guid":{"rendered":"https:\/\/linitiative.ca\/International\/les-residents-francais-au-maroc-ont-beneficie-gratuitement-des-vaccins-covid\/"},"modified":"2021-03-04T09:35:40","modified_gmt":"2021-03-04T14:35:40","slug":"les-residents-francais-au-maroc-ont-beneficie-gratuitement-des-vaccins-covid","status":"publish","type":"post","link":"https:\/\/linitiative.ca\/International\/les-residents-francais-au-maroc-ont-beneficie-gratuitement-des-vaccins-covid\/","title":{"rendered":"Les r\u00e9sidents Fran\u00e7ais au Maroc ont b\u00e9n\u00e9fici\u00e9 gratuitement des vaccins COVID"},"content":{"rendered":"<p class=\"rtejustify\">Suite aux Instructions Royales, les r\u00e9sidents \u00e9trangers et notamment les Fran\u00e7ais vivant au Maroc, ont b\u00e9n\u00e9fici\u00e9 gratuitement des vaccins contre la Covid-19, a soulign\u00e9 l&rsquo;Association des Fran\u00e7ais de Rabat (AFR).<\/p>\n<p class=\"rtejustify\">A ce sujet, le pr\u00e9sident, le Comit\u00e9 et les adh\u00e9rents de l&rsquo;AFR, \u00ab\u00a0tiennent \u00e0 remercier chaleureusement SM le Roi, qui gr\u00e2ce \u00e0 Sa g\u00e9n\u00e9rosit\u00e9, a permis aux ressortissants fran\u00e7ais au Maroc d&rsquo;\u00eatre vaccin\u00e9s au m\u00eame titre que son peuple\u00a0\u00bb, se f\u00e9licite l&rsquo;Association, notant que les actes de vaccination et le suivi se d\u00e9roulent dans \u00ab\u00a0d&rsquo;excellentes conditions\u00a0\u00bb.<\/p>\n<p class=\"rtejustify\">\u00ab\u00a0Notre reconnaissance et nos v\u0153ux de bonne sant\u00e9 vont \u00e0 Sa Majest\u00e9 le Roi, au Prince H\u00e9ritier et \u00e0 l&rsquo;ensemble de la Famille Royale\u00a0\u00bb, \u00e9crit l&rsquo;AFR.<\/p>\n<p class=\"rtejustify\">\u00a0<\/p>\n<p>Auteur: mbasraoui<br \/>\n<a href=\"https:\/\/www.leconomiste.com\/flash-infos\/les-residents-francais-au-maroc-ont-beneficie-gratuitement-des-vaccins-covid\">Cliquez ici pour lire l&rsquo;article depuis sa source.<\/a><\/p>\n","protected":false},"excerpt":{"rendered":"<p>Suite aux Instructions Royales, les r\u00e9sidents \u00e9trangers et notamment les Fran\u00e7ais vivant au Maroc, ont b\u00e9n\u00e9fici\u00e9 gratuitement des vaccins contre la Covid-19, a soulign\u00e9 l&rsquo;Association des Fran\u00e7ais de Rabat (AFR). A ce sujet, le pr\u00e9sident, le Comit\u00e9 et les adh\u00e9rents de l&rsquo;AFR, \u00ab\u00a0tiennent \u00e0 remercier chaleureusement SM le Roi, qui gr\u00e2ce \u00e0 Sa g\u00e9n\u00e9rosit\u00e9, a [&hellip;]<\/p>\n","protected":false},"author":1763,"featured_media":0,"comment_status":"closed","ping_status":"closed","sticky":false,"template":"","format":"standard","meta":{"fifu_image_url":"","fifu_image_alt":"","footnotes":""},"categories":[78,54],"tags":[],"class_list":["post-112463","post","type-post","status-publish","format-standard","hentry","category-economie","category-maroc"],"_links":{"self":[{"href":"https:\/\/linitiative.ca\/International\/wp-json\/wp\/v2\/posts\/112463","targetHints":{"allow":["GET"]}}],"collection":[{"href":"https:\/\/linitiative.ca\/International\/wp-json\/wp\/v2\/posts"}],"about":[{"href":"https:\/\/linitiative.ca\/International\/wp-json\/wp\/v2\/types\/post"}],"author":[{"embeddable":true,"href":"https:\/\/linitiative.ca\/International\/wp-json\/wp\/v2\/users\/1763"}],"replies":[{"embeddable":true,"href":"https:\/\/linitiative.ca\/International\/wp-json\/wp\/v2\/comments?post=112463"}],"version-history":[{"count":0,"href":"https:\/\/linitiative.ca\/International\/wp-json\/wp\/v2\/posts\/112463\/revisions"}],"wp:attachment":[{"href":"https:\/\/linitiative.ca\/International\/wp-json\/wp\/v2\/media?parent=112463"}],"wp:term":[{"taxonomy":"category","embeddable":true,"href":"https:\/\/linitiative.ca\/International\/wp-json\/wp\/v2\/categories?post=112463"},{"taxonomy":"post_tag","embeddable":true,"href":"https:\/\/linitiative.ca\/International\/wp-json\/wp\/v2\/tags?post=112463"}],"curies":[{"name":"wp","href":"https:\/\/api.w.org\/{rel}","templated":true}]}}