{"id":112464,"date":"2021-03-04T11:00:44","date_gmt":"2021-03-04T16:00:44","guid":{"rendered":"https:\/\/linitiative.ca\/International\/cannabis-ladoption-projet-de-loi-encore-reportee\/"},"modified":"2021-03-04T11:00:44","modified_gmt":"2021-03-04T16:00:44","slug":"cannabis-ladoption-projet-de-loi-encore-reportee","status":"publish","type":"post","link":"https:\/\/linitiative.ca\/International\/cannabis-ladoption-projet-de-loi-encore-reportee\/","title":{"rendered":"Cannabis: L&rsquo;adoption projet de loi encore report\u00e9e"},"content":{"rendered":"<p class=\"rtejustify\">Entam\u00e9 depuis le 25 f\u00e9vrier dernier, l\u2019examen du projet de loi relatif aux usages licites du cannabis sera poursuivi lors d\u2019une r\u00e9union ult\u00e9rieure du gouvernement. Le Conseil de gouvernement, r\u00e9uni jeudi par visioconf\u00e9rence sous la pr\u00e9sidence du Chef du gouvernement Saad Dine El Otmani, a d\u00e9cid\u00e9 de poursuivre l&rsquo;examen de ce texte, a indiqu\u00e9 le porte-parole du gouvernement, Saaid Amzazi.<\/p>\n<p>Auteur: hgueye<br \/>\n<a href=\"https:\/\/www.leconomiste.com\/flash-infos\/cannabis-l-adoption-projet-de-loi-encore-reportee\">Cliquez ici pour lire l&rsquo;article depuis sa source.<\/a><\/p>\n","protected":false},"excerpt":{"rendered":"<p>Entam\u00e9 depuis le 25 f\u00e9vrier dernier, l\u2019examen du projet de loi relatif aux usages licites du cannabis sera poursuivi lors d\u2019une r\u00e9union ult\u00e9rieure du gouvernement. Le Conseil de gouvernement, r\u00e9uni jeudi par visioconf\u00e9rence sous la pr\u00e9sidence du Chef du gouvernement Saad Dine El Otmani, a d\u00e9cid\u00e9 de poursuivre l&rsquo;examen de ce texte, a indiqu\u00e9 le [&hellip;]<\/p>\n","protected":false},"author":1763,"featured_media":0,"comment_status":"closed","ping_status":"closed","sticky":false,"template":"","format":"standard","meta":{"fifu_image_url":"","fifu_image_alt":"","footnotes":""},"categories":[78,54],"tags":[],"class_list":["post-112464","post","type-post","status-publish","format-standard","hentry","category-economie","category-maroc"],"_links":{"self":[{"href":"https:\/\/linitiative.ca\/International\/wp-json\/wp\/v2\/posts\/112464","targetHints":{"allow":["GET"]}}],"collection":[{"href":"https:\/\/linitiative.ca\/International\/wp-json\/wp\/v2\/posts"}],"about":[{"href":"https:\/\/linitiative.ca\/International\/wp-json\/wp\/v2\/types\/post"}],"author":[{"embeddable":true,"href":"https:\/\/linitiative.ca\/International\/wp-json\/wp\/v2\/users\/1763"}],"replies":[{"embeddable":true,"href":"https:\/\/linitiative.ca\/International\/wp-json\/wp\/v2\/comments?post=112464"}],"version-history":[{"count":0,"href":"https:\/\/linitiative.ca\/International\/wp-json\/wp\/v2\/posts\/112464\/revisions"}],"wp:attachment":[{"href":"https:\/\/linitiative.ca\/International\/wp-json\/wp\/v2\/media?parent=112464"}],"wp:term":[{"taxonomy":"category","embeddable":true,"href":"https:\/\/linitiative.ca\/International\/wp-json\/wp\/v2\/categories?post=112464"},{"taxonomy":"post_tag","embeddable":true,"href":"https:\/\/linitiative.ca\/International\/wp-json\/wp\/v2\/tags?post=112464"}],"curies":[{"name":"wp","href":"https:\/\/api.w.org\/{rel}","templated":true}]}}