{"id":112465,"date":"2021-03-04T12:23:06","date_gmt":"2021-03-04T17:23:06","guid":{"rendered":"https:\/\/linitiative.ca\/International\/covid19-382-millions-de-personnes-vaccinees\/"},"modified":"2021-03-04T12:23:06","modified_gmt":"2021-03-04T17:23:06","slug":"covid19-382-millions-de-personnes-vaccinees","status":"publish","type":"post","link":"https:\/\/linitiative.ca\/International\/covid19-382-millions-de-personnes-vaccinees\/","title":{"rendered":"Covid19: 3,82 millions de personnes vaccin\u00e9es"},"content":{"rendered":"<p class=\"rtejustify\">Le Maroc a enregistr\u00e9 <strong><span class=\"c4\">394\u00a0<\/span><\/strong>nouveaux cas de Covid19 durant les derni\u00e8res 24 heures, ce qui porte le total \u00e0\u00a0<strong><span class=\"c4\">485.147\u00a0<\/span><\/strong>cas confirm\u00e9s, d&rsquo;apr\u00e8s le nouveau bilan du minist\u00e8re de la Sant\u00e9 de ce jeudi 4\u00a0mars 2021.<\/p>\n<p class=\"rtejustify\">Le nombre de personnes vaccin\u00e9es se chiffre \u00e0 <strong><span class=\"c4\">3.820.097\u00a0<\/span><\/strong>ndique \u00e9galement le minist\u00e8re.\u00a0<strong><span class=\"c4\">413.032\u00a0<\/span><\/strong>personnes ont pris leur 2e dose.<\/p>\n<p class=\"rtejustify\">Casablanca-Settat a enregistr\u00e9 <strong><span class=\"c4\">230\u00a0<\/span><\/strong> nouveaux cas, alors que la r\u00e9gion de <span class=\"c4\">Tanger -T\u00e9touan- Al Hoceima<\/span> en compte <strong><span class=\"c5\">39<\/span><span class=\"c5\">\u00a0<\/span><\/strong>. Au total,\u00a0<strong><span class=\"c4\">13.020\u00a0<\/span><\/strong>nouveaux tests ont \u00e9t\u00e9 r\u00e9alis\u00e9s.<\/p>\n<p class=\"rtejustify\">Quant au nombre de d\u00e9c\u00e8s, il s&rsquo;\u00e9tablit \u00e0 <strong><span class=\"c4\">8.669<\/span><\/strong>, soit <strong>16\u00a0<\/strong>morts de plus en 24 heures (taux de l\u00e9talit\u00e9 1,8%), alors que <span class=\"c4\">508\u00a0<\/span>nouvelles gu\u00e9risons ont \u00e9t\u00e9 recens\u00e9es, soit au total <strong><span class=\"c4\">470.933\u00a0<\/span><\/strong>(taux de gu\u00e9rison 97,1%). Le nombre de cas encore actifs atteint <strong><span class=\"c4\">5.545<\/span><\/strong>, dont <strong>374\u00a0<\/strong>s\u00e9v\u00e8res. Parmi ces derniers, <strong>19\u00a0<\/strong>sont sous intubation, alors que <strong>222\u00a0<\/strong>sont sous ventilation non invasive.<\/p>\n<p class=\"rtejustify\">Par ailleurs, le taux d&rsquo;occupation des lits d\u00e9di\u00e9s au Covid-19 atteint <strong>11,8%<\/strong>.<\/p>\n<blockquote readability=\"4.75\">\n<p class=\"rtejustify\"><strong>Pour plus de d\u00e9tails, voir l&rsquo;\u00e9volution en temps r\u00e9el de l&rsquo;\u00e9pid\u00e9mie sur <a href=\"https:\/\/www.leconomiste.com\/covid19\/\">https:\/\/www.leconomiste.com\/covid19\/<\/a><\/strong><\/p>\n<\/blockquote>\n<p>Auteur: mbasraoui<br \/>\n<a href=\"https:\/\/www.leconomiste.com\/flash-infos\/covid19-3-82-millions-de-personnes-vaccinees\">Cliquez ici pour lire l&rsquo;article depuis sa source.<\/a><\/p>\n","protected":false},"excerpt":{"rendered":"<p>Le Maroc a enregistr\u00e9 394\u00a0nouveaux cas de Covid19 durant les derni\u00e8res 24 heures, ce qui porte le total \u00e0\u00a0485.147\u00a0cas confirm\u00e9s, d&rsquo;apr\u00e8s le nouveau bilan du minist\u00e8re de la Sant\u00e9 de ce jeudi 4\u00a0mars 2021. Le nombre de personnes vaccin\u00e9es se chiffre \u00e0 3.820.097\u00a0ndique \u00e9galement le minist\u00e8re.\u00a0413.032\u00a0personnes ont pris leur 2e dose. Casablanca-Settat a enregistr\u00e9 230\u00a0 [&hellip;]<\/p>\n","protected":false},"author":1763,"featured_media":0,"comment_status":"closed","ping_status":"closed","sticky":false,"template":"","format":"standard","meta":{"fifu_image_url":"","fifu_image_alt":"","footnotes":""},"categories":[78,54],"tags":[],"class_list":["post-112465","post","type-post","status-publish","format-standard","hentry","category-economie","category-maroc"],"_links":{"self":[{"href":"https:\/\/linitiative.ca\/International\/wp-json\/wp\/v2\/posts\/112465","targetHints":{"allow":["GET"]}}],"collection":[{"href":"https:\/\/linitiative.ca\/International\/wp-json\/wp\/v2\/posts"}],"about":[{"href":"https:\/\/linitiative.ca\/International\/wp-json\/wp\/v2\/types\/post"}],"author":[{"embeddable":true,"href":"https:\/\/linitiative.ca\/International\/wp-json\/wp\/v2\/users\/1763"}],"replies":[{"embeddable":true,"href":"https:\/\/linitiative.ca\/International\/wp-json\/wp\/v2\/comments?post=112465"}],"version-history":[{"count":0,"href":"https:\/\/linitiative.ca\/International\/wp-json\/wp\/v2\/posts\/112465\/revisions"}],"wp:attachment":[{"href":"https:\/\/linitiative.ca\/International\/wp-json\/wp\/v2\/media?parent=112465"}],"wp:term":[{"taxonomy":"category","embeddable":true,"href":"https:\/\/linitiative.ca\/International\/wp-json\/wp\/v2\/categories?post=112465"},{"taxonomy":"post_tag","embeddable":true,"href":"https:\/\/linitiative.ca\/International\/wp-json\/wp\/v2\/tags?post=112465"}],"curies":[{"name":"wp","href":"https:\/\/api.w.org\/{rel}","templated":true}]}}