{"id":112467,"date":"2021-03-04T11:00:00","date_gmt":"2021-03-04T16:00:00","guid":{"rendered":"https:\/\/linitiative.ca\/International\/ocres-patines-du-temps-fugace\/"},"modified":"2021-03-04T11:00:00","modified_gmt":"2021-03-04T16:00:00","slug":"ocres-patines-du-temps-fugace","status":"publish","type":"post","link":"https:\/\/linitiative.ca\/International\/ocres-patines-du-temps-fugace\/","title":{"rendered":"Ocres patines du temps fugace"},"content":{"rendered":"<p class=\"p1 c3\"><span class=\"c2\"><strong>Le Temps-Hatem BOURIAL<\/strong><\/span><\/p>\n<p class=\"p1 c3\"><span class=\"c2\"><strong>L&rsquo;artiste fran\u00e7aise Astrid Ivars expose ses \u00ab\u00a0patines sur objets de d\u00e9coration\u00a0\u00bb \u00e0 la galerie Imagin de Carthage. Une collection visible du 6 au 20 mars.<\/strong><\/span><\/p>\n<p class=\"p1 c4\"><span class=\"c2\">C&rsquo;est sa d\u00e9marche d&rsquo;artiste designer qu&rsquo; Astrid Ivars met en avant dans l&rsquo;exposition que devrait accueillir l&rsquo;espace d&rsquo;art Imagin \u00e0 Carthage Dermech. Ce sont ainsi des objets de d\u00e9coration qu&rsquo;elle transforme en oeuvres d&rsquo;art impromptues gr\u00e2ce \u00e0 la patine dont elle les rev\u00eat.<span class=\"Apple-converted-space\">\u00a0<\/span><\/span><\/p>\n<p class=\"p2 c5\"><span class=\"c2\"><strong>Des r\u00e9pliques d&rsquo;artefacts antiques<span class=\"Apple-converted-space\">\u00a0<\/span><\/strong><\/span><\/p>\n<p class=\"p1 c4\"><span class=\"c2\">Inattendus, ces objets, elle les choisit au hasard des rencontres ou de son inspiration. Il peut s&rsquo;agir d&rsquo;une statuette qui est la r\u00e9plique d&rsquo;un artefact antique ou encore d&rsquo;une pi\u00e8ce de bois ouvrag\u00e9. Ces objets sont alors par\u00e9s d&rsquo;une patine qui les sublime tout en apposant la griffe de l&rsquo;artiste.<span class=\"Apple-converted-space\">\u00a0<\/span><\/span><\/p>\n<p class=\"p1 c4\"><span class=\"c2\">Ce sont les tonalit\u00e9s ocres et dor\u00e9es qui illuminent cette collection d&rsquo;oeuvres qui invitent \u00e0 la contemplation et aux r\u00e9miniscences. La touche artistique est \u00e9vidente, subtile et d\u00e9cisive car elle m\u00e9tamorphose des objets familiers. Ces pi\u00e8ces de d\u00e9coration sont alors projet\u00e9es dans une nouvelle dimension esth\u00e9tique par le biais de ces patines \u00e9vocatrices de la fuite du temps.<span class=\"Apple-converted-space\">\u00a0<\/span><\/span><\/p>\n<p class=\"p1 c4\"><span class=\"c2\">M\u00e9taphoriquement, l&rsquo;exposition d&rsquo;Astrid Ivars est aussi une r\u00e9flexion sur le temps et la mani\u00e8re dont il peut faire \u00e9voluer une oeuvre. Une r\u00e9plique de statuette antique est en soi un regard sur le pass\u00e9 que la patine amplifie tout en sugg\u00e9rant une nouvelle vie de l&rsquo;objet.<span class=\"Apple-converted-space\">\u00a0<\/span><\/span><\/p>\n<p class=\"p2 c5\"><span class=\"c2\"><strong>La m\u00e9tamorphose<span class=\"Apple-converted-space\">\u00a0<\/span><\/strong><\/span><\/p>\n<p class=\"p2 c5\"><span class=\"c2\"><strong>des objets familiers<span class=\"Apple-converted-space\">\u00a0<\/span><\/strong><\/span><\/p>\n<p class=\"p1 c4\"><span class=\"c2\">Car si les patines vieillissent un objet, elles l&#8217;embellissent \u00e9galement. \u00c9tant c&rsquo;est l\u00e0 que r\u00e9side le tour de force de l&rsquo;artiste. Ivars parvient en effet \u00e0 faire rejaillir la lumi\u00e8re de ce qui \u00e9tait p\u00e9trifi\u00e9, fig\u00e9. En l&rsquo;enduisant d&rsquo;un marqueur temporel aux nuances lumineuses, l&rsquo;artiste r\u00e9g\u00e9n\u00e8re chaque objet et, au fond, le transforme radicalement.<span class=\"Apple-converted-space\">\u00a0<\/span><\/span><\/p>\n<p class=\"p1 c4\"><span class=\"c2\">De fait, la d\u00e9marche d&rsquo;Astrid Ivars rel\u00e8ve de la performance et plus pr\u00e9cis\u00e9ment de l&rsquo;Action Painting. Si elle pr\u00e9f\u00e8re d\u00e9busquer le beau dans ce qu&rsquo;elle modifie, il n&rsquo;en reste pas moins qu&rsquo;elle invite le regard \u00e0 appr\u00e9hender tous les ressorts de sa m\u00e9thode. En effet, ces patines ne sont pas simplement visuelles et impliquent une virtualit\u00e9 qui n&rsquo;est autre qu&rsquo;une philosophie du temps.<span class=\"Apple-converted-space\">\u00a0<\/span><\/span><\/p>\n<p class=\"p2 c5\"><span class=\"c2\"><strong>Une installation artistique qui ne dit pas son nom<span class=\"Apple-converted-space\">\u00a0<\/span><\/strong><\/span><\/p>\n<p class=\"p1 c4\"><span class=\"c2\">Il faut savoir regarder ces oeuvres dans leurs diff\u00e9rentes dimensions pour saisir que cette collection est une installation artistique qui ne dit pas son nom. Chaque objet est singulier, prolonge le geste de l&rsquo;artiste et interpelle le regard. D\u00e9sir de beaut\u00e9 ou design esth\u00e9tique ? Les oeuvres expos\u00e9es sont inscrites dans cette double trajectoire et invitent \u00e0 une m\u00e9ditation qui aille au del\u00e0 des apparences.<span class=\"Apple-converted-space\">\u00a0<\/span><\/span><\/p>\n<p class=\"p1 c4\"><span class=\"c2\">Une collection \u00e0 d\u00e9couvrir du 6 au 20 mars \u00e0 la galerie Imagin qui est ouverte tous les jours de 15h \u00e0 19h. Myriam Ben Rachid Mestiri y accueille Astrid Ivars et confirme sa vocation de d\u00e9nicheur de talents ainsi que son travail d&rsquo;animation de la sc\u00e8ne artistique \u00e0 Carthage.<span class=\"Apple-converted-space\">\u00a0<\/span><\/span><\/p>\n<p class=\"p1 c3\">\u00a0<\/p>\n<p class=\"p3 c6\"><span class=\"c2\"><strong>H.B<\/strong><\/span><\/p>\n<p>Auteur: letemps1<br \/>\n<a href=\"http:\/\/www.letemps.com.tn\/article\/119572\/ocres-patines-du-temps-fugace\">Cliquez ici pour lire l&rsquo;article depuis sa source.<\/a><\/p>\n","protected":false},"excerpt":{"rendered":"<p>Le Temps-Hatem BOURIAL L&rsquo;artiste fran\u00e7aise Astrid Ivars expose ses \u00ab\u00a0patines sur objets de d\u00e9coration\u00a0\u00bb \u00e0 la galerie Imagin de Carthage. Une collection visible du 6 au 20 mars. C&rsquo;est sa d\u00e9marche d&rsquo;artiste designer qu&rsquo; Astrid Ivars met en avant dans l&rsquo;exposition que devrait accueillir l&rsquo;espace d&rsquo;art Imagin \u00e0 Carthage Dermech. Ce sont ainsi des objets [&hellip;]<\/p>\n","protected":false},"author":1773,"featured_media":0,"comment_status":"closed","ping_status":"closed","sticky":false,"template":"","format":"standard","meta":{"fifu_image_url":"","fifu_image_alt":"","footnotes":""},"categories":[73,55],"tags":[],"class_list":["post-112467","post","type-post","status-publish","format-standard","hentry","category-actualite","category-tunisie"],"_links":{"self":[{"href":"https:\/\/linitiative.ca\/International\/wp-json\/wp\/v2\/posts\/112467","targetHints":{"allow":["GET"]}}],"collection":[{"href":"https:\/\/linitiative.ca\/International\/wp-json\/wp\/v2\/posts"}],"about":[{"href":"https:\/\/linitiative.ca\/International\/wp-json\/wp\/v2\/types\/post"}],"author":[{"embeddable":true,"href":"https:\/\/linitiative.ca\/International\/wp-json\/wp\/v2\/users\/1773"}],"replies":[{"embeddable":true,"href":"https:\/\/linitiative.ca\/International\/wp-json\/wp\/v2\/comments?post=112467"}],"version-history":[{"count":0,"href":"https:\/\/linitiative.ca\/International\/wp-json\/wp\/v2\/posts\/112467\/revisions"}],"wp:attachment":[{"href":"https:\/\/linitiative.ca\/International\/wp-json\/wp\/v2\/media?parent=112467"}],"wp:term":[{"taxonomy":"category","embeddable":true,"href":"https:\/\/linitiative.ca\/International\/wp-json\/wp\/v2\/categories?post=112467"},{"taxonomy":"post_tag","embeddable":true,"href":"https:\/\/linitiative.ca\/International\/wp-json\/wp\/v2\/tags?post=112467"}],"curies":[{"name":"wp","href":"https:\/\/api.w.org\/{rel}","templated":true}]}}