{"id":112468,"date":"2021-03-04T11:00:00","date_gmt":"2021-03-04T16:00:00","guid":{"rendered":"https:\/\/linitiative.ca\/International\/om-layoun-un-film-documentaire-tendre-et-sans-compromis\/"},"modified":"2021-03-04T11:00:00","modified_gmt":"2021-03-04T16:00:00","slug":"om-layoun-un-film-documentaire-tendre-et-sans-compromis","status":"publish","type":"post","link":"https:\/\/linitiative.ca\/International\/om-layoun-un-film-documentaire-tendre-et-sans-compromis\/","title":{"rendered":"\u00abOm Layoun\u00bb un film documentaire tendre et sans compromis"},"content":{"rendered":"<p class=\"p1 c3\"><span class=\"c2\"><strong>\u2022 Nos politiques, des abonn\u00e9s absents de la question de l\u2019environnement<\/strong><\/span><\/p>\n<p class=\"p1 c3\"><span class=\"c2\"><strong>\u2022 La question de l\u2019eau et des ressources hydrailiques, une question strat\u00e9gique et vitale mais que<\/strong><\/span><\/p>\n<p class=\"p1 c3\"><span class=\"c2\"><strong><span class=\"Apple-converted-space\">\u00a0<\/span>l\u2019on veut taire ou laisser passer inaper\u00e7ue.<span class=\"Apple-converted-space\">\u00a0<\/span><\/strong><\/span><\/p>\n<p class=\"p1 c3\"><span class=\"c2\"><strong>\u2022 \u00ab Le droit \u00e0 l\u2019eau est un droit humain fondamental opposable. Il ne doit subir ni conditions,<\/strong><\/span><\/p>\n<p class=\"p1 c3\"><span class=\"c2\"><strong><span class=\"Apple-converted-space\">\u00a0<\/span> ni limitations, ni tarifications. \u00bb<\/strong><\/span><\/p>\n<p class=\"p1 c3\">\u00a0<\/p>\n<p class=\"p1 c5\"><span class=\"c4\"><strong>Le Temps \u2013 Lamia CHERIF<\/strong><\/span><\/p>\n<p class=\"p1 c3\">\u00a0<\/p>\n<p class=\"p1 c5\"><span class=\"c4\"><strong>Il faut se faire une raison, ces eaux fra\u00eeches<span class=\"Apple-converted-space\">\u00a0<\/span> et miroitantes qui jaillissent et qui font le bonheur de ces petits agriculteurs et celui de ces femmes rurales,\u2026<span class=\"Apple-converted-space\">\u00a0<\/span> appartient \u00e0 tous. Et pourtant cette manne<span class=\"Apple-converted-space\">\u00a0<\/span> naturelle a \u00e9t\u00e9<span class=\"Apple-converted-space\">\u00a0<\/span> accapar\u00e9e au fil des temps par des personnes qui se sont donn\u00e9 le droit d\u2019acheter et vendre ce qui revient de droit<span class=\"Apple-converted-space\">\u00a0<\/span> \u00e0 la communaut\u00e9 toute enti\u00e8re. Bien entendu au nom des lois qui volent au citoyen son droit le plus fondamental, recours \u00e0 l\u2019eau, \u00e0 la vie. Et c\u2019est le propos juste et probant de ce film documentaire \u00ab Om Layoun \u00bb projet\u00e9 mardi, \u00e0 la salle Omar Khlifi de la Cit\u00e9 de la culture.<span class=\"Apple-converted-space\">\u00a0<\/span><\/strong><\/span><\/p>\n<p class=\"p1 c6\"><span class=\"c4\"><span class=\"Apple-converted-space\">\u00a0<\/span>Le r\u00e9alisateur du film Habib Ayeb<span class=\"Apple-converted-space\">\u00a0<\/span> pr\u00e9sent lors de la projection du film,<span class=\"Apple-converted-space\">\u00a0<\/span> a parl\u00e9 de son combat et de son travail de longue haleine pour r\u00e9colter des fonds en vue de financer son travail. \u00ab<span class=\"Apple-converted-space\">\u00a0<\/span> \u00ab Om Layoun \u00bb est un film documentaire \u2018\u2019politique\u2019\u2019 pour<span class=\"Apple-converted-space\">\u00a0<\/span> sensibiliser sur un sujet assez important qui menace la vie des Tunisiens ainsi que la terre \u00bb,<span class=\"Apple-converted-space\">\u00a0<\/span> fait-il remarquer.<span class=\"Apple-converted-space\">\u00a0<\/span><\/span><\/p>\n<p class=\"p1 c6\"><span class=\"c4\">Ce projet<span class=\"Apple-converted-space\">\u00a0<\/span> a en effet fait l\u2019objet de toute une campagne de sensibilisation qui a fait participer des \u00e9trangers et \u00e9trangement pas de Tunisiens qui ne sont pas encore sensibles \u00e0 des questions li\u00e9es \u00e0 l\u2019environnement.<span class=\"Apple-converted-space\">\u00a0<\/span> \u00ab J\u2019ai invit\u00e9 des d\u00e9put\u00e9s \u00bb dit-il en exprimant<span class=\"Apple-converted-space\">\u00a0<\/span> sa d\u00e9ception quant au<span class=\"Apple-converted-space\">\u00a0<\/span> d\u00e9sengagement de nos politiques<span class=\"Apple-converted-space\">\u00a0<\/span> face \u00e0 ce sujet strat\u00e9gique et vital. Un sujet que l\u2019on veut taire et laisser passer inaper\u00e7u\u2026 Dans la salle, seuls deux d\u00e9put\u00e9s \u00e9taient pr\u00e9sents lors de la projection du film alors que les autres sont les abonn\u00e9s absents de la question d<span class=\"Apple-converted-space\">\u00a0<\/span> de l\u2019environnement et des droits humains \u00e0 la vie. Selon les derniers chiffres enregistr\u00e9s et que l\u2019on peut v\u00e9rifier en toute transparence sur la page virtuelle r\u00e9serv\u00e9e aux dons que jusqu\u2019au 07 f\u00e9vrier 2021, 137 personnes ont contribu\u00e9 aux dons qui ont caracol\u00e9 la jolie<span class=\"Apple-converted-space\">\u00a0<\/span> cagnotte de 11 985\u202f\u20ac d\u00e9passant ainsi le seuil de l\u2019argent requis pour financer ce film.<span class=\"Apple-converted-space\">\u00a0<\/span><\/span><\/p>\n<p class=\"p1 c6\"><span class=\"c4\">Le documentaire tourn\u00e9 dans plusieurs r\u00e9gions de Tunis \u00e0 savoir (Tozeur, Gabes, Sidi Bouzid, Om Laarayes, Soliman, Ain Drahem\u2026) donne des exemples<span class=\"Apple-converted-space\">\u00a0<\/span> concrets qui parlent de<span class=\"Apple-converted-space\">\u00a0<\/span> la souffrance quotidienne de citoyens pour avoir de l\u2019eau potable puisqu\u2019il en ont \u00e9t\u00e9 priv\u00e9<span class=\"Apple-converted-space\">\u00a0<\/span> \u00e0 cause des <span class=\"Apple-converted-space\">\u00a0<\/span> lobbies qui dominent les m\u00e9canismes internes du march\u00e9 de l\u2019eau alors que<span class=\"Apple-converted-space\">\u00a0<\/span> l\u2019Etat ne r\u00e9agit pas.<span class=\"Apple-converted-space\">\u00a0<\/span><\/span><\/p>\n<p class=\"p1 c6\"><span class=\"c4\">D\u2019un autre<span class=\"Apple-converted-space\">\u00a0<\/span> c\u00f4t\u00e9 le film montre que<span class=\"Apple-converted-space\">\u00a0<\/span> la raret\u00e9 de l\u2019eau n\u2019est qu\u2019un argument du gouvernement, car il suffit de rationaliser l\u2019usage de cette manne naturelle pour subvenir aux besoins de<span class=\"Apple-converted-space\">\u00a0<\/span> tout le monde&#8230;<span class=\"Apple-converted-space\">\u00a0<\/span> \u00abL\u2019eau disponible suffirait largement \u00e0 couvrir l\u2019ensemble des besoins humains et \u00e9conomiques, pourvu qu\u2019on cesse de la consid\u00e9rer comme une marchandise, objet d\u2019accumulation, de privatisation et de commercialisation \u00bb.<span class=\"Apple-converted-space\">\u00a0<\/span><\/span><\/p>\n<p class=\"p2 c7\">\u00a0<\/p>\n<p class=\"p1 c5\">\u00a0<\/p>\n<p class=\"p3 c8\"><span class=\"c4\"><strong>L.C.<\/strong><\/span><\/p>\n<p>Auteur: letemps1<br \/>\n<a href=\"http:\/\/www.letemps.com.tn\/article\/119573\/%C2%ABom-layoun%C2%BB-un-film-documentaire-tendre-et-sans-compromis\">Cliquez ici pour lire l&rsquo;article depuis sa source.<\/a><\/p>\n","protected":false},"excerpt":{"rendered":"<p>\u2022 Nos politiques, des abonn\u00e9s absents de la question de l\u2019environnement \u2022 La question de l\u2019eau et des ressources hydrailiques, une question strat\u00e9gique et vitale mais que \u00a0l\u2019on veut taire ou laisser passer inaper\u00e7ue.\u00a0 \u2022 \u00ab Le droit \u00e0 l\u2019eau est un droit humain fondamental opposable. Il ne doit subir ni conditions, \u00a0 ni limitations, [&hellip;]<\/p>\n","protected":false},"author":1773,"featured_media":0,"comment_status":"closed","ping_status":"closed","sticky":false,"template":"","format":"standard","meta":{"fifu_image_url":"","fifu_image_alt":"","footnotes":""},"categories":[73,55],"tags":[],"class_list":["post-112468","post","type-post","status-publish","format-standard","hentry","category-actualite","category-tunisie"],"_links":{"self":[{"href":"https:\/\/linitiative.ca\/International\/wp-json\/wp\/v2\/posts\/112468","targetHints":{"allow":["GET"]}}],"collection":[{"href":"https:\/\/linitiative.ca\/International\/wp-json\/wp\/v2\/posts"}],"about":[{"href":"https:\/\/linitiative.ca\/International\/wp-json\/wp\/v2\/types\/post"}],"author":[{"embeddable":true,"href":"https:\/\/linitiative.ca\/International\/wp-json\/wp\/v2\/users\/1773"}],"replies":[{"embeddable":true,"href":"https:\/\/linitiative.ca\/International\/wp-json\/wp\/v2\/comments?post=112468"}],"version-history":[{"count":0,"href":"https:\/\/linitiative.ca\/International\/wp-json\/wp\/v2\/posts\/112468\/revisions"}],"wp:attachment":[{"href":"https:\/\/linitiative.ca\/International\/wp-json\/wp\/v2\/media?parent=112468"}],"wp:term":[{"taxonomy":"category","embeddable":true,"href":"https:\/\/linitiative.ca\/International\/wp-json\/wp\/v2\/categories?post=112468"},{"taxonomy":"post_tag","embeddable":true,"href":"https:\/\/linitiative.ca\/International\/wp-json\/wp\/v2\/tags?post=112468"}],"curies":[{"name":"wp","href":"https:\/\/api.w.org\/{rel}","templated":true}]}}