{"id":112470,"date":"2021-03-04T11:00:00","date_gmt":"2021-03-04T16:00:00","guid":{"rendered":"https:\/\/linitiative.ca\/International\/ouverture-dune-enquete-sur-deventuels-crimes-de-guerre\/"},"modified":"2021-03-04T11:00:00","modified_gmt":"2021-03-04T16:00:00","slug":"ouverture-dune-enquete-sur-deventuels-crimes-de-guerre","status":"publish","type":"post","link":"https:\/\/linitiative.ca\/International\/ouverture-dune-enquete-sur-deventuels-crimes-de-guerre\/","title":{"rendered":"Ouverture d\u2019une enqu\u00eate  sur d\u2019\u00e9ventuels crimes de guerre"},"content":{"rendered":"<p class=\"p1 c3\"><span class=\"c2\"><strong>Le Temps- Agences- La procureure g\u00e9n\u00e9rale de la Cour p\u00e9nale internationale (CPI), Fatou Bensouda, a annonc\u00e9 hier dans un communiqu\u00e9 l&rsquo;ouverture d&rsquo;une enqu\u00eate sur d&rsquo;\u00e9ventuels crimes de guerre commis dans les territoires palestiniens.<\/strong><\/span><\/p>\n<p class=\"p1 c4\"><span class=\"c2\">Le 5 f\u00e9vrier, la CPI a jug\u00e9 que sa juridiction s&rsquo;\u00e9tendait aux territoires palestiniens.<\/span><\/p>\n<p class=\"p1 c4\"><span class=\"c2\">\u00ab\u00a0La d\u00e9cision d&rsquo;ouvrir une enqu\u00eate fait suite \u00e0 l&rsquo;examen pr\u00e9liminaire minutieusement men\u00e9 par mon Bureau pendant pr\u00e8s de cinq ans, a d\u00e9clar\u00e9 Fatou Bensouda dans son communiqu\u00e9.<\/span><\/p>\n<p class=\"p1 c4\"><span class=\"c2\">En d\u00e9cembre 2019, la procureure g\u00e9n\u00e9rale de la CPI avait estim\u00e9 que des crimes de guerre avaient \u00e9t\u00e9 ou \u00e9taient en train d&rsquo;\u00eatre commis en Cisjordanie, y compris \u00e0 Al Qods-Est, et dans la bande de Gaza. Elle avait d\u00e9sign\u00e9 commes possibles auteurs de ces crimes \u00e0 la fois les forces de d\u00e9fense isra\u00e9liennes et des groupes arm\u00e9s palestiniens comme le Hamas.<\/span><\/p>\n<p class=\"p1 c3\">\u00a0<\/p>\n<p class=\"p1 c4\"><span class=\"c2\">\u00ab\u00a0En d\u00e9finitive, ce sont les victimes tant palestiniennes qu&rsquo;isra\u00e9liennes du long cycle de violence et d&rsquo;ins\u00e9curit\u00e9, qui a caus\u00e9 de profondes souffrances et un terrible sentiment de d\u00e9sespoir quel que soit leur camp, qui doivent \u00eatre au centre de nos pr\u00e9occupations\u00a0\u00bb, a ajout\u00e9 Fatou Bensouda hier.<\/span><\/p>\n<p>Auteur: letemps1<br \/>\n<a href=\"http:\/\/www.letemps.com.tn\/article\/119575\/ouverture-d%E2%80%99une-enqu%C3%AAte-sur-d%E2%80%99%C3%A9ventuels-crimes-de-guerre\">Cliquez ici pour lire l&rsquo;article depuis sa source.<\/a><\/p>\n","protected":false},"excerpt":{"rendered":"<p>Le Temps- Agences- La procureure g\u00e9n\u00e9rale de la Cour p\u00e9nale internationale (CPI), Fatou Bensouda, a annonc\u00e9 hier dans un communiqu\u00e9 l&rsquo;ouverture d&rsquo;une enqu\u00eate sur d&rsquo;\u00e9ventuels crimes de guerre commis dans les territoires palestiniens. Le 5 f\u00e9vrier, la CPI a jug\u00e9 que sa juridiction s&rsquo;\u00e9tendait aux territoires palestiniens. \u00ab\u00a0La d\u00e9cision d&rsquo;ouvrir une enqu\u00eate fait suite \u00e0 [&hellip;]<\/p>\n","protected":false},"author":1773,"featured_media":0,"comment_status":"closed","ping_status":"closed","sticky":false,"template":"","format":"standard","meta":{"fifu_image_url":"","fifu_image_alt":"","footnotes":""},"categories":[73,55],"tags":[],"class_list":["post-112470","post","type-post","status-publish","format-standard","hentry","category-actualite","category-tunisie"],"_links":{"self":[{"href":"https:\/\/linitiative.ca\/International\/wp-json\/wp\/v2\/posts\/112470","targetHints":{"allow":["GET"]}}],"collection":[{"href":"https:\/\/linitiative.ca\/International\/wp-json\/wp\/v2\/posts"}],"about":[{"href":"https:\/\/linitiative.ca\/International\/wp-json\/wp\/v2\/types\/post"}],"author":[{"embeddable":true,"href":"https:\/\/linitiative.ca\/International\/wp-json\/wp\/v2\/users\/1773"}],"replies":[{"embeddable":true,"href":"https:\/\/linitiative.ca\/International\/wp-json\/wp\/v2\/comments?post=112470"}],"version-history":[{"count":0,"href":"https:\/\/linitiative.ca\/International\/wp-json\/wp\/v2\/posts\/112470\/revisions"}],"wp:attachment":[{"href":"https:\/\/linitiative.ca\/International\/wp-json\/wp\/v2\/media?parent=112470"}],"wp:term":[{"taxonomy":"category","embeddable":true,"href":"https:\/\/linitiative.ca\/International\/wp-json\/wp\/v2\/categories?post=112470"},{"taxonomy":"post_tag","embeddable":true,"href":"https:\/\/linitiative.ca\/International\/wp-json\/wp\/v2\/tags?post=112470"}],"curies":[{"name":"wp","href":"https:\/\/api.w.org\/{rel}","templated":true}]}}