{"id":112471,"date":"2021-03-04T11:00:00","date_gmt":"2021-03-04T16:00:00","guid":{"rendered":"https:\/\/linitiative.ca\/International\/au-moins-dix-huit-morts-et-de-nombreux-blesses\/"},"modified":"2021-03-04T11:00:00","modified_gmt":"2021-03-04T16:00:00","slug":"au-moins-dix-huit-morts-et-de-nombreux-blesses","status":"publish","type":"post","link":"https:\/\/linitiative.ca\/International\/au-moins-dix-huit-morts-et-de-nombreux-blesses\/","title":{"rendered":"Au moins dix-huit morts et de nombreux bless\u00e9s"},"content":{"rendered":"<p class=\"p1 c4\"><span class=\"c3\"><strong><span class=\"s1 c2\">Le Temps-Agences-<\/span> Les forces birmanes ont de nouveau tir\u00e9 \u00e0 balles r\u00e9elles et utilis\u00e9 des gaz lacrymog\u00e8nes, hier, mercredi 3 mars, contre les manifestants pro-d\u00e9mocratie dans plusieurs villes du pays.<\/strong><\/span><\/p>\n<p class=\"p1 c5\"><span class=\"c3\">Au moins dix-huit manifestants sont morts suite \u00e0 des tirs \u00e0 balles r\u00e9elles dans le pays et de nombreux bless\u00e9s dont plusieurs se trouvent dans un \u00e9tat critique. Deux sont d\u00e9c\u00e9d\u00e9s ce 3 mars 2021 pr\u00e8s de Mandalay, l\u2019une d\u2019une balle \u00e0 la t\u00eate, l\u2019autre dans la poitrine dont une jeune femme de 19 ans, avec un tee-shirt portant l&rsquo;inscription \u00ab Everything will be okay \u00bb. Elle avait sur elle un bout de papier sur lequel elle avait \u00e9crit son groupe sanguin et son souhait de donner ses organes \u00e0 ceux qui en auraient besoin.<span class=\"Apple-converted-space\">\u00a0<\/span><\/span><\/p>\n<p class=\"p1 c5\"><span class=\"c3\">Les manifestations se poursuivent hier dans plusieurs villes du pays, notamment \u00e0 Rangoun, la capitale \u00e9conomique de la Birmanie, o\u00f9 les gens ont bloqu\u00e9 les routes avec des pneus et du fil barbel\u00e9 pour emp\u00eacher la police de s\u2019approcher d\u2019eux.<span class=\"Apple-converted-space\">\u00a0<\/span><\/span><\/p>\n<p class=\"p1 c5\"><span class=\"c3\">Pr\u00e8s de la c\u00e9l\u00e8bre pagode Sule, dans le centre de la ville, les manifestants ont parsem\u00e9 le sol de portraits imprim\u00e9s de Min Aung Hlaing, le g\u00e9n\u00e9ral responsable du coup d\u2019\u00c9tat, une tactique pour ralentir les forces de s\u00e9curit\u00e9 qui font tout pour \u00e9viter de marcher sur ces portraits.<span class=\"Apple-converted-space\">\u00a0<\/span><\/span><\/p>\n<p class=\"p1 c5\"><span class=\"c3\">Un homme et son fils, qui filmaient un passage de soldats dans la rue depuis leur appartement, se sont fait tirer dessus (aux derni\u00e8res nouvelles, ils allaient bien). Une vid\u00e9o fait le tour des r\u00e9seaux sociaux : on y voit des policiers en train de frapper le personnel m\u00e9dical d\u2019une ambulance avant de d\u00e9truire leur v\u00e9hicule. Dans les rues, l\u2019ambiance est \u00e9lectrique : les militaires tirent sur les gens sans raison. Il ne s\u2019agit plus du tout de disperser les manifestations.<\/span><\/p>\n<p class=\"p1 c5\"><span class=\"c3\">Les journalistes vis\u00e9s<\/span><\/p>\n<p class=\"p1 c5\"><span class=\"c3\">Six journalistes birmans, dont Thein Zaw, un photographe de l&rsquo;agence am\u00e9ricaine Associated Press (AP), ont \u00e9t\u00e9 arr\u00eat\u00e9s et inculp\u00e9s. On les accuse d\u2019avoir \u00ab caus\u00e9 la peur dans la population, r\u00e9pandu de fausses informations ou incit\u00e9 des employ\u00e9s du gouvernement \u00e0 la d\u00e9sob\u00e9issance \u00bb, d&rsquo;apr\u00e8s leur avocate.<\/span><\/p>\n<p class=\"p1 c5\"><span class=\"c3\">Jour apr\u00e8s jour, la r\u00e9pression s&rsquo;accro\u00eet : coupures d&rsquo;internet, renforcement de l&rsquo;arsenal r\u00e9pressif, vagues d&rsquo;interpellations, recours \u00e0 la force l\u00e9tale. La junte intensifie sa r\u00e9ponse aux rassemblements anti-coup d&rsquo;\u00c9tat et devient de plus en plus meurtri\u00e8re.<\/span><\/p>\n<p class=\"p1 c4\">\u00a0<\/p>\n<p class=\"p1 c5\"><span class=\"c3\">La journ\u00e9e de dimanche avait \u00e9galement \u00e9t\u00e9 particuli\u00e8rement meurtri\u00e8re avec au moins 18 morts dans les rangs des manifestants, d&rsquo;apr\u00e8s les Nations unies.<\/span><\/p>\n<p>Auteur: letemps1<br \/>\n<a href=\"http:\/\/www.letemps.com.tn\/article\/119576\/au-moins-dix-huit-morts-et-de-nombreux-bless%C3%A9s\">Cliquez ici pour lire l&rsquo;article depuis sa source.<\/a><\/p>\n","protected":false},"excerpt":{"rendered":"<p>Le Temps-Agences- Les forces birmanes ont de nouveau tir\u00e9 \u00e0 balles r\u00e9elles et utilis\u00e9 des gaz lacrymog\u00e8nes, hier, mercredi 3 mars, contre les manifestants pro-d\u00e9mocratie dans plusieurs villes du pays. Au moins dix-huit manifestants sont morts suite \u00e0 des tirs \u00e0 balles r\u00e9elles dans le pays et de nombreux bless\u00e9s dont plusieurs se trouvent dans [&hellip;]<\/p>\n","protected":false},"author":1773,"featured_media":0,"comment_status":"closed","ping_status":"closed","sticky":false,"template":"","format":"standard","meta":{"fifu_image_url":"","fifu_image_alt":"","footnotes":""},"categories":[73,55],"tags":[],"class_list":["post-112471","post","type-post","status-publish","format-standard","hentry","category-actualite","category-tunisie"],"_links":{"self":[{"href":"https:\/\/linitiative.ca\/International\/wp-json\/wp\/v2\/posts\/112471","targetHints":{"allow":["GET"]}}],"collection":[{"href":"https:\/\/linitiative.ca\/International\/wp-json\/wp\/v2\/posts"}],"about":[{"href":"https:\/\/linitiative.ca\/International\/wp-json\/wp\/v2\/types\/post"}],"author":[{"embeddable":true,"href":"https:\/\/linitiative.ca\/International\/wp-json\/wp\/v2\/users\/1773"}],"replies":[{"embeddable":true,"href":"https:\/\/linitiative.ca\/International\/wp-json\/wp\/v2\/comments?post=112471"}],"version-history":[{"count":0,"href":"https:\/\/linitiative.ca\/International\/wp-json\/wp\/v2\/posts\/112471\/revisions"}],"wp:attachment":[{"href":"https:\/\/linitiative.ca\/International\/wp-json\/wp\/v2\/media?parent=112471"}],"wp:term":[{"taxonomy":"category","embeddable":true,"href":"https:\/\/linitiative.ca\/International\/wp-json\/wp\/v2\/categories?post=112471"},{"taxonomy":"post_tag","embeddable":true,"href":"https:\/\/linitiative.ca\/International\/wp-json\/wp\/v2\/tags?post=112471"}],"curies":[{"name":"wp","href":"https:\/\/api.w.org\/{rel}","templated":true}]}}