{"id":112472,"date":"2021-03-04T15:14:04","date_gmt":"2021-03-04T20:14:04","guid":{"rendered":"https:\/\/linitiative.ca\/International\/pros-ligue-1-france-lyon-prend-la-tete-du-championnat-slimani-a-souffert-de-son-positionnement\/"},"modified":"2021-03-04T15:14:04","modified_gmt":"2021-03-04T20:14:04","slug":"pros-ligue-1-france-lyon-prend-la-tete-du-championnat-slimani-a-souffert-de-son-positionnement","status":"publish","type":"post","link":"https:\/\/linitiative.ca\/International\/pros-ligue-1-france-lyon-prend-la-tete-du-championnat-slimani-a-souffert-de-son-positionnement\/","title":{"rendered":"Pros : Ligue 1 (France) : Lyon prend la t\u00eate du championnat. Slimani a souffert de son positionnement"},"content":{"rendered":"<div readability=\"32\">\n<p>Auteur : <span class=\"time\">mercredi 03 mars 2021 21:04<\/span><\/p>\n<\/div>\n<div id=\"post_core\" readability=\"46\">\n<p>D\u00e9cevants en premi\u00e8re p\u00e9riode, les joueurs de Rudi Garcia ont acc\u00e9l\u00e9r\u00e9 nettement apr\u00e8s le repos afin de disposer de Rennes (1-0), ce mercredi, lors de la 28e journ\u00e9e de Ligue 1 fran\u00e7aise. Rempla\u00e7ant au coup d\u2019envoi en raison d\u2019un petit p\u00e9pin physique, Houssem Aouar a fait trembler les filets du club breton \u00e0 la 74e minute, sur un service de Memphis Depay comme l&rsquo;indique Sport24. Les Rennais, sous la direction de Philippe Bizeul en attendant de voir d\u00e9barquer le successeur de Julien St\u00e9phan, ont pouss\u00e9 fort sur la fin, en vain\u2026 Au classement, l\u2019OL prend, au moins provisoirement, la t\u00eate devant Lille et le PSG.<\/p>\n<p><strong>Publi\u00e9 dans :<\/strong> <span>slimani<\/span><\/p>\n<\/div>\n<p>Auteur:<br \/>\n<a href=\"http:\/\/www.lebuteur.com\/article\/detail?titre=ligue-1-france-lyon-prend-la-tete-du-championnat-slimani-a-souffert-de-son-positionnement&#038;id=99273&#038;utm_source=feedburner&#038;utm_medium=feed&#038;utm_campaign=Feed%3A+GalerieFArtciles+%28Les+derniers+articles++-+lebuteur.com%29\">Cliquez ici pour lire l&rsquo;article depuis sa source.<\/a><\/p>\n","protected":false},"excerpt":{"rendered":"<p>Auteur : mercredi 03 mars 2021 21:04 D\u00e9cevants en premi\u00e8re p\u00e9riode, les joueurs de Rudi Garcia ont acc\u00e9l\u00e9r\u00e9 nettement apr\u00e8s le repos afin de disposer de Rennes (1-0), ce mercredi, lors de la 28e journ\u00e9e de Ligue 1 fran\u00e7aise. Rempla\u00e7ant au coup d\u2019envoi en raison d\u2019un petit p\u00e9pin physique, Houssem Aouar a fait trembler les [&hellip;]<\/p>\n","protected":false},"author":1738,"featured_media":0,"comment_status":"closed","ping_status":"closed","sticky":false,"template":"","format":"standard","meta":{"fifu_image_url":"\/\/cdn.lebuteur.com\/data\/images\/article\/thumbs\/large-ligue-1-france-lyon-prend-la-tete-du-championnat-slimani-a-souffert-de-son-positionnement-38572.jpg","fifu_image_alt":"Pros : Ligue 1 (France) : Lyon prend la t\u00eate du championnat. Slimani a souffert de son positionnement","footnotes":""},"categories":[53,75],"tags":[],"class_list":["post-112472","post","type-post","status-publish","format-standard","hentry","category-algerie","category-sport"],"_links":{"self":[{"href":"https:\/\/linitiative.ca\/International\/wp-json\/wp\/v2\/posts\/112472","targetHints":{"allow":["GET"]}}],"collection":[{"href":"https:\/\/linitiative.ca\/International\/wp-json\/wp\/v2\/posts"}],"about":[{"href":"https:\/\/linitiative.ca\/International\/wp-json\/wp\/v2\/types\/post"}],"author":[{"embeddable":true,"href":"https:\/\/linitiative.ca\/International\/wp-json\/wp\/v2\/users\/1738"}],"replies":[{"embeddable":true,"href":"https:\/\/linitiative.ca\/International\/wp-json\/wp\/v2\/comments?post=112472"}],"version-history":[{"count":0,"href":"https:\/\/linitiative.ca\/International\/wp-json\/wp\/v2\/posts\/112472\/revisions"}],"wp:attachment":[{"href":"https:\/\/linitiative.ca\/International\/wp-json\/wp\/v2\/media?parent=112472"}],"wp:term":[{"taxonomy":"category","embeddable":true,"href":"https:\/\/linitiative.ca\/International\/wp-json\/wp\/v2\/categories?post=112472"},{"taxonomy":"post_tag","embeddable":true,"href":"https:\/\/linitiative.ca\/International\/wp-json\/wp\/v2\/tags?post=112472"}],"curies":[{"name":"wp","href":"https:\/\/api.w.org\/{rel}","templated":true}]}}