{"id":112474,"date":"2021-03-04T15:14:09","date_gmt":"2021-03-04T20:14:09","guid":{"rendered":"https:\/\/linitiative.ca\/International\/pros-ol-rudi-garcia-justifie-les-difficultes-de-slimani-face-a-rennes\/"},"modified":"2021-03-04T15:14:09","modified_gmt":"2021-03-04T20:14:09","slug":"pros-ol-rudi-garcia-justifie-les-difficultes-de-slimani-face-a-rennes","status":"publish","type":"post","link":"https:\/\/linitiative.ca\/International\/pros-ol-rudi-garcia-justifie-les-difficultes-de-slimani-face-a-rennes\/","title":{"rendered":"Pros : OL : Rudi Garcia justifie les difficult\u00e9s de Slimani face \u00e0 Rennes"},"content":{"rendered":"<div readability=\"32\">\n<p>Auteur : <span class=\"time\">jeudi 04 mars 2021 08:09<\/span><\/p>\n<\/div>\n<div id=\"post_core\" readability=\"50\">\n<p>En effet, m\u00eame si l&rsquo;attaquant alg\u00e9rien a souvent d\u00e9zon\u00e9 pour tenter de se retrouver dans la zone de v\u00e9rit\u00e9, il n&rsquo;a pas \u00e9t\u00e9 en r\u00e9ussite \u00e0 l&rsquo;image d&rsquo;une t\u00eate pourtant facile mais non cadr\u00e9e en seconde p\u00e9riode. Il a \u00e9t\u00e9 logiquement remplac\u00e9 \u00e0 la 58e minute par Tino Kadewere. A l&rsquo;issue de la rencontre, l&rsquo;entraineur Rudi Garcia a avou\u00e9 que les difficult\u00e9s \u00e9prouv\u00e9s par Slimani dans la rencontre \u00e9taient principalement dues \u00e0 son positionnement :<\/p>\n<p>\u00ab\u00a0Nous avons gagn\u00e9 trop de peu de duels en premi\u00e8re p\u00e9riode au cours de laquelle nous avons \u00e9t\u00e9 inoffensifs. Nous ne pouvions que faire mieux apr\u00e8s la mi-temps. Il fallait apporter du sang frais et certains m\u00e9ritaient de d\u00e9buter. Pour Slimani, c&rsquo;est plus compliqu\u00e9 de jouer sur un c\u00f4t\u00e9. Mais il faut f\u00e9liciter les entrants qui nous ont permis de livrer une seconde p\u00e9riode \u00e0 la hauteur de l&rsquo;OL.<\/p>\n<p>Houssem Aouar marque un joli but avec beaucoup de sang-froid mais il faut louer le travail incroyable de Memphis. Notre objectif est atteint pour ce (mercredi) soir. Sur la seconde p\u00e9riode, la victoire a \u00e9t\u00e9 m\u00e9rit\u00e9e mais notre gardien n&rsquo;a jamais \u00e9t\u00e9 mis en danger. Je suis assez content d&rsquo;avoir gagn\u00e9 ce match-l\u00e0.\u00a0\u00bb Des propos relay\u00e9s par France Football.<br \/>\u00a0<\/p>\n<p><strong>Publi\u00e9 dans :<\/strong> <span>Lyon<\/span><\/p>\n<\/div>\n<p>Auteur:<br \/>\n<a href=\"http:\/\/www.lebuteur.com\/article\/detail?titre=ol-rudi-garcia-justifie-les-difficultes-de-slimani-face-a-rennes&#038;id=99275&#038;utm_source=feedburner&#038;utm_medium=feed&#038;utm_campaign=Feed%3A+GalerieFArtciles+%28Les+derniers+articles++-+lebuteur.com%29\">Cliquez ici pour lire l&rsquo;article depuis sa source.<\/a><\/p>\n","protected":false},"excerpt":{"rendered":"<p>Auteur : jeudi 04 mars 2021 08:09 En effet, m\u00eame si l&rsquo;attaquant alg\u00e9rien a souvent d\u00e9zon\u00e9 pour tenter de se retrouver dans la zone de v\u00e9rit\u00e9, il n&rsquo;a pas \u00e9t\u00e9 en r\u00e9ussite \u00e0 l&rsquo;image d&rsquo;une t\u00eate pourtant facile mais non cadr\u00e9e en seconde p\u00e9riode. Il a \u00e9t\u00e9 logiquement remplac\u00e9 \u00e0 la 58e minute par Tino [&hellip;]<\/p>\n","protected":false},"author":1738,"featured_media":0,"comment_status":"closed","ping_status":"closed","sticky":false,"template":"","format":"standard","meta":{"fifu_image_url":"\/\/cdn.lebuteur.com\/data\/images\/article\/thumbs\/large-ol-rudi-garcia-justifie-les-difficultes-de-slimani-face-a-rennes-f3b47.jpg","fifu_image_alt":"Pros : OL : Rudi Garcia justifie les difficult\u00e9s de Slimani face \u00e0 Rennes","footnotes":""},"categories":[53,75],"tags":[],"class_list":["post-112474","post","type-post","status-publish","format-standard","hentry","category-algerie","category-sport"],"_links":{"self":[{"href":"https:\/\/linitiative.ca\/International\/wp-json\/wp\/v2\/posts\/112474","targetHints":{"allow":["GET"]}}],"collection":[{"href":"https:\/\/linitiative.ca\/International\/wp-json\/wp\/v2\/posts"}],"about":[{"href":"https:\/\/linitiative.ca\/International\/wp-json\/wp\/v2\/types\/post"}],"author":[{"embeddable":true,"href":"https:\/\/linitiative.ca\/International\/wp-json\/wp\/v2\/users\/1738"}],"replies":[{"embeddable":true,"href":"https:\/\/linitiative.ca\/International\/wp-json\/wp\/v2\/comments?post=112474"}],"version-history":[{"count":0,"href":"https:\/\/linitiative.ca\/International\/wp-json\/wp\/v2\/posts\/112474\/revisions"}],"wp:attachment":[{"href":"https:\/\/linitiative.ca\/International\/wp-json\/wp\/v2\/media?parent=112474"}],"wp:term":[{"taxonomy":"category","embeddable":true,"href":"https:\/\/linitiative.ca\/International\/wp-json\/wp\/v2\/categories?post=112474"},{"taxonomy":"post_tag","embeddable":true,"href":"https:\/\/linitiative.ca\/International\/wp-json\/wp\/v2\/tags?post=112474"}],"curies":[{"name":"wp","href":"https:\/\/api.w.org\/{rel}","templated":true}]}}