{"id":112475,"date":"2021-03-04T15:14:11","date_gmt":"2021-03-04T20:14:11","guid":{"rendered":"https:\/\/linitiative.ca\/International\/pros-nice-ursea-atal-il-peut-faire-des-ravages-dans-le-un-contre-un\/"},"modified":"2021-03-04T15:14:11","modified_gmt":"2021-03-04T20:14:11","slug":"pros-nice-ursea-atal-il-peut-faire-des-ravages-dans-le-un-contre-un","status":"publish","type":"post","link":"https:\/\/linitiative.ca\/International\/pros-nice-ursea-atal-il-peut-faire-des-ravages-dans-le-un-contre-un\/","title":{"rendered":"Pros : Nice &#8211; Ursea : \u00ab\u00a0Atal ? Il peut faire des ravages dans le un contre un\u00a0\u00bb"},"content":{"rendered":"<div readability=\"32\">\n<p>Auteur : <span class=\"time\">jeudi 04 mars 2021 08:26<\/span><\/p>\n<\/div>\n<div id=\"post_core\" readability=\"44\">\n<p>Pour son premier match depuis fin janvier, l&rsquo;international alg\u00e9rien a r\u00e9alis\u00e9 une prestation de grande qualit\u00e9. Il a \u00e9t\u00e9 remuant sur son couloir et il a fait passer une mauvaise soir\u00e9e \u00e0 Meling, avant de petit \u00e0 petit baisser en intensit\u00e9. Averti, il est devenu plus nerveux avant d&rsquo;\u00eatre emplac\u00e9 par Kasper Dolberg \u00e0 la 62e minute de jeu. Satisfait \u00e0 l&rsquo;issue de cette victoire, l&rsquo;entraineur ni\u00e7ois Adrian Ursea a lou\u00e9 les qualit\u00e9s de Youcef Atal en un contre un :<\/p>\n<p>\u00ab\u00a0C\u2019est une victoire \u00e0 l\u2019arrach\u00e9, tr\u00e8s difficile \u00e0 obtenir. On est content d\u2019avoir pris trois points. Atal? On sait tous qu\u2019il peut faire des ravages dans le un contre un. On a besoin de joueurs capables d\u2019\u00e9liminer.\u00a0\u00bb<\/p>\n<p><strong>Publi\u00e9 dans :<\/strong> <span>Nice<\/span><\/p>\n<\/div>\n<p>Auteur:<br \/>\n<a href=\"http:\/\/www.lebuteur.com\/article\/detail?titre=nice-ursea-atal-il-peut-faire-des-ravages-dans-le-un-contre-un&#038;id=99276&#038;utm_source=feedburner&#038;utm_medium=feed&#038;utm_campaign=Feed%3A+GalerieFArtciles+%28Les+derniers+articles++-+lebuteur.com%29\">Cliquez ici pour lire l&rsquo;article depuis sa source.<\/a><\/p>\n","protected":false},"excerpt":{"rendered":"<p>Auteur : jeudi 04 mars 2021 08:26 Pour son premier match depuis fin janvier, l&rsquo;international alg\u00e9rien a r\u00e9alis\u00e9 une prestation de grande qualit\u00e9. Il a \u00e9t\u00e9 remuant sur son couloir et il a fait passer une mauvaise soir\u00e9e \u00e0 Meling, avant de petit \u00e0 petit baisser en intensit\u00e9. Averti, il est devenu plus nerveux avant [&hellip;]<\/p>\n","protected":false},"author":1738,"featured_media":0,"comment_status":"closed","ping_status":"closed","sticky":false,"template":"","format":"standard","meta":{"fifu_image_url":"\/\/cdn.lebuteur.com\/data\/images\/article\/thumbs\/large-nice-ursea-atal-il-peut-faire-des-ravages-dans-le-un-contre-un-d2c8c.jpg","fifu_image_alt":"Pros : Nice - Ursea : \"Atal ? Il peut faire des ravages dans le un contre un\"","footnotes":""},"categories":[53,75],"tags":[],"class_list":["post-112475","post","type-post","status-publish","format-standard","hentry","category-algerie","category-sport"],"_links":{"self":[{"href":"https:\/\/linitiative.ca\/International\/wp-json\/wp\/v2\/posts\/112475","targetHints":{"allow":["GET"]}}],"collection":[{"href":"https:\/\/linitiative.ca\/International\/wp-json\/wp\/v2\/posts"}],"about":[{"href":"https:\/\/linitiative.ca\/International\/wp-json\/wp\/v2\/types\/post"}],"author":[{"embeddable":true,"href":"https:\/\/linitiative.ca\/International\/wp-json\/wp\/v2\/users\/1738"}],"replies":[{"embeddable":true,"href":"https:\/\/linitiative.ca\/International\/wp-json\/wp\/v2\/comments?post=112475"}],"version-history":[{"count":0,"href":"https:\/\/linitiative.ca\/International\/wp-json\/wp\/v2\/posts\/112475\/revisions"}],"wp:attachment":[{"href":"https:\/\/linitiative.ca\/International\/wp-json\/wp\/v2\/media?parent=112475"}],"wp:term":[{"taxonomy":"category","embeddable":true,"href":"https:\/\/linitiative.ca\/International\/wp-json\/wp\/v2\/categories?post=112475"},{"taxonomy":"post_tag","embeddable":true,"href":"https:\/\/linitiative.ca\/International\/wp-json\/wp\/v2\/tags?post=112475"}],"curies":[{"name":"wp","href":"https:\/\/api.w.org\/{rel}","templated":true}]}}