{"id":112476,"date":"2021-03-04T15:14:12","date_gmt":"2021-03-04T20:14:12","guid":{"rendered":"https:\/\/linitiative.ca\/International\/pros-metz-le-petage-de-plomb-doukidja-face-a-angers-video\/"},"modified":"2021-03-04T15:14:12","modified_gmt":"2021-03-04T20:14:12","slug":"pros-metz-le-petage-de-plomb-doukidja-face-a-angers-video","status":"publish","type":"post","link":"https:\/\/linitiative.ca\/International\/pros-metz-le-petage-de-plomb-doukidja-face-a-angers-video\/","title":{"rendered":"Pros : Metz : Le p\u00e9tage de plomb d&rsquo;Oukidja face \u00e0 Angers (Vid\u00e9o)"},"content":{"rendered":"<div readability=\"32\">\n<p>Auteur : <span class=\"time\">jeudi 04 mars 2021 08:39<\/span><\/p>\n<\/div>\n<div id=\"post_core\" readability=\"39\">\n<p>Suite \u00e0 la d\u00e9faite face \u00e0 Angers ce mercredi soir en Ligue 1 fran\u00e7aise, le FC Metz devra probablement se passer des services d&rsquo;Alexandre Oukidja dans les prochaines semaines. En effet, le gardien lorrain a totalement p\u00e9t\u00e9 les plombs en fin de match lorsqu&rsquo;un joueur d&rsquo;Angers a tout fait pour gagner du temps et s\u00e9curiser la victoire des siens en d\u00e9gageant un ballon hors du terrain alors que Metz pouvait jouer rapidement et esp\u00e9rer avoir une derni\u00e8re opportunit\u00e9 de marquer. Un comportement qui a rendu fou de col\u00e8re Oukidja, qui a alors agripp\u00e9 l&rsquo;Angevin pour en d\u00e9coudre comme l&rsquo;indique blastingnews.com. Expuls\u00e9 par l&rsquo;arbitre de la rencontre fort logiquement, le portier alg\u00e9rien est alors sorti des limites du terrain en frappant dans un objet au sol.<\/p>\n<p><iframe loading=\"lazy\" allow=\"accelerometer; autoplay; clipboard-write; encrypted-media; gyroscope; picture-in-picture\" allowfullscreen=\"allowfullscreen\" frameborder=\"0\" height=\"315\" src=\"https:\/\/www.youtube.com\/embed\/kYT0znQpFms\" width=\"560\">[embedded content]<\/iframe><\/p>\n<p><strong>Publi\u00e9 dans :<\/strong> <span>Oukidja<\/span><\/p>\n<\/div>\n<p>Auteur:<br \/>\n<a href=\"http:\/\/www.lebuteur.com\/article\/detail?titre=metz-le-petage-de-plomb-doukidja-face-a-angers-video&#038;id=99277&#038;utm_source=feedburner&#038;utm_medium=feed&#038;utm_campaign=Feed%3A+GalerieFArtciles+%28Les+derniers+articles++-+lebuteur.com%29\">Cliquez ici pour lire l&rsquo;article depuis sa source.<\/a><\/p>\n","protected":false},"excerpt":{"rendered":"<p>Auteur : jeudi 04 mars 2021 08:39 Suite \u00e0 la d\u00e9faite face \u00e0 Angers ce mercredi soir en Ligue 1 fran\u00e7aise, le FC Metz devra probablement se passer des services d&rsquo;Alexandre Oukidja dans les prochaines semaines. En effet, le gardien lorrain a totalement p\u00e9t\u00e9 les plombs en fin de match lorsqu&rsquo;un joueur d&rsquo;Angers a tout [&hellip;]<\/p>\n","protected":false},"author":1738,"featured_media":0,"comment_status":"closed","ping_status":"closed","sticky":false,"template":"","format":"standard","meta":{"fifu_image_url":"\/\/cdn.lebuteur.com\/data\/images\/article\/thumbs\/large-metz-le-petage-de-plomb-doukidja-face-a-angers-video-bd9fc.jpg","fifu_image_alt":"Pros : Metz : Le p\u00e9tage de plomb d'Oukidja face \u00e0 Angers (Vid\u00e9o)","footnotes":""},"categories":[53,75],"tags":[],"class_list":["post-112476","post","type-post","status-publish","format-standard","hentry","category-algerie","category-sport"],"_links":{"self":[{"href":"https:\/\/linitiative.ca\/International\/wp-json\/wp\/v2\/posts\/112476","targetHints":{"allow":["GET"]}}],"collection":[{"href":"https:\/\/linitiative.ca\/International\/wp-json\/wp\/v2\/posts"}],"about":[{"href":"https:\/\/linitiative.ca\/International\/wp-json\/wp\/v2\/types\/post"}],"author":[{"embeddable":true,"href":"https:\/\/linitiative.ca\/International\/wp-json\/wp\/v2\/users\/1738"}],"replies":[{"embeddable":true,"href":"https:\/\/linitiative.ca\/International\/wp-json\/wp\/v2\/comments?post=112476"}],"version-history":[{"count":0,"href":"https:\/\/linitiative.ca\/International\/wp-json\/wp\/v2\/posts\/112476\/revisions"}],"wp:attachment":[{"href":"https:\/\/linitiative.ca\/International\/wp-json\/wp\/v2\/media?parent=112476"}],"wp:term":[{"taxonomy":"category","embeddable":true,"href":"https:\/\/linitiative.ca\/International\/wp-json\/wp\/v2\/categories?post=112476"},{"taxonomy":"post_tag","embeddable":true,"href":"https:\/\/linitiative.ca\/International\/wp-json\/wp\/v2\/tags?post=112476"}],"curies":[{"name":"wp","href":"https:\/\/api.w.org\/{rel}","templated":true}]}}