{"id":112480,"date":"2021-03-04T05:08:39","date_gmt":"2021-03-04T10:08:39","guid":{"rendered":"https:\/\/linitiative.ca\/International\/benjamin-stora-a-el-watan-les-gestes-symboliques-ne-peuvent-avoir-de-portee-que-sils-sont-appuyes-de-mobilisations-citoyennes\/"},"modified":"2021-03-04T05:08:39","modified_gmt":"2021-03-04T10:08:39","slug":"benjamin-stora-a-el-watan-les-gestes-symboliques-ne-peuvent-avoir-de-portee-que-sils-sont-appuyes-de-mobilisations-citoyennes","status":"publish","type":"post","link":"https:\/\/linitiative.ca\/International\/benjamin-stora-a-el-watan-les-gestes-symboliques-ne-peuvent-avoir-de-portee-que-sils-sont-appuyes-de-mobilisations-citoyennes\/","title":{"rendered":"Benjamin Stora \u00e0 \u00ab\u00a0El Watan\u00a0\u00bb : \u00abLes gestes symboliques ne peuvent avoir de port\u00e9e que s\u2019ils sont appuy\u00e9s de mobilisations citoyennes\u00bb"},"content":{"rendered":"<h4 class=\"title-14\"\/>\n<p class=\"p2\">La reconnaissance officielle de l\u2019assassinat du nationaliste et avocat Ali Boumendjel par l\u2019arm\u00e9e fran\u00e7aise en 1957 \u2013 Le g\u00e9n\u00e9ral Paul Aussaresses, dans ses m\u00e9moires en 2001, avait avou\u00e9 avoir donn\u00e9 l\u2019ordre de tuer Ali Boumendjel puis de maquiller sa mort en suicide \u2013 est un geste important, nous affirme l\u2019historien Benjamin Stora.<\/p>\n<p class=\"p2\"><em>\u00abCela rel\u00e8ve aussi de l\u2019histoire personnelle pour moi. J\u2019\u00e9tais un ami de Samy\u00bb<\/em>, un des fils du chahid Ali Boumendjel. <em>\u00abC\u2019est une promesse que j\u2019ai faite \u00e0 la famille, il y a deux ans\u00bb<\/em>, nous a -t-il d\u00e9clar\u00e9, tr\u00e8s \u00e9mu. <em>\u00abIl faut prendre la mesure de chaque pas acccompli et en proposer d\u2019autres. Un geste succ\u00e8de \u00e0 un geste.\u00bb<\/em><\/p>\n<p class=\"p2\">Aussi l\u2019historien observe qu\u2019il revient aux acteurs de la soci\u00e9t\u00e9 civile de s\u2019emparer de la br\u00e8che ouverte par l\u2019Elys\u00e9e qui, dans son communiqu\u00e9, affirme qu\u2019<em>\u00abaucun crime, aucune atrocit\u00e9 commis par quiconque pendant la guerre d\u2019Alg\u00e9rie ne peut \u00eatre excus\u00e9 ni occult\u00e9\u00bb<\/em>.<\/p>\n<p class=\"p2\">L\u2019auteur du rapport \u00e9crit \u00e0 la demande du pr\u00e9sident Macron sur la \u00abr\u00e9conciliation des m\u00e9moires de la colonisation et de la guerre d\u2019Alg\u00e9rie\u00bb \u2013 qui a suscit\u00e9 moult r\u00e9actions et critiques tant en France qu\u2019en Alg\u00e9rie \u2013 nous affirme que <em>\u00ables gestes symboliques ne peuvent avoir de port\u00e9e que s\u2019ils sont appuy\u00e9s de mobilisations citoyennes, sur chacune des questions, les archives, les essais nucl\u00e9aires, les disparus\u00bb<\/em>.<\/p>\n<p class=\"p2\">Sans attendre que <em>\u00ables choses arrivent d\u2019en haut\u00bb. \u00abJe pense qu\u2019il faut articuler les d\u00e9cisions des Etats avec les mouvements des soci\u00e9t\u00e9s. C\u2019est cela surtout ma pr\u00e9occupation\u00bb.\u00a0<\/em><em>\u00abIl faut sortir du cadre du politique \u00e9troit et peut-\u00eatre d\u00e9gager des mobilisations originales sur des grandes questions de m\u00e9moire.\u00bb<\/em><\/p>\n<p class=\"p2\">Faisant allusion aux critiques des pr\u00e9conisations contenues dans son rapport, l\u2019historien rappelle que <em>\u00abcela fait deux mois que mon rapport est publi\u00e9. \u201cJ\u2019ai \u00e9crit ce que j\u2019avais \u00e0 dire et ce que je pense\u201d. C\u2019est aux acteurs de la soci\u00e9t\u00e9 civile de s\u2019en emparer et s\u2019ils ne sont pas d\u2019accord avec mes pr\u00e9conisations ou les trouvent insuffisantes, qu\u2019ils en avancent d\u2019autres\u00bb<\/em>.<\/p>\n<p><span class=\"post-views-label\">Post Views:<\/span> <span class=\"post-views-count\">1\u00a0186<\/span><\/p>\n<p><br class=\"c2\"\/><\/p>\n<div class=\"ichhar-moneytagnative c5\" id=\"ichhar-1472361228\">\n<p>Advertisements<\/p>\n<\/div>\n<p><br class=\"c2\"\/><br \/>\n<br class=\"c6\"\/><\/p>\n<p>Auteur: Anis Khecheba<br \/>\n<a href=\"https:\/\/www.elwatan.com\/edition\/actualite\/benjamin-stora-a-el-watan-les-gestes-symboliques-ne-peuvent-avoir-de-portee-que-sils-sont-appuyes-de-mobilisations-citoyennes-04-03-2021\">Cliquez ici pour lire l&rsquo;article depuis sa source.<\/a><\/p>\n","protected":false},"excerpt":{"rendered":"<p>La reconnaissance officielle de l\u2019assassinat du nationaliste et avocat Ali Boumendjel par l\u2019arm\u00e9e fran\u00e7aise en 1957 \u2013 Le g\u00e9n\u00e9ral Paul Aussaresses, dans ses m\u00e9moires en 2001, avait avou\u00e9 avoir donn\u00e9 l\u2019ordre de tuer Ali Boumendjel puis de maquiller sa mort en suicide \u2013 est un geste important, nous affirme l\u2019historien Benjamin Stora. \u00abCela rel\u00e8ve aussi [&hellip;]<\/p>\n","protected":false},"author":1743,"featured_media":0,"comment_status":"closed","ping_status":"closed","sticky":false,"template":"","format":"standard","meta":{"fifu_image_url":"","fifu_image_alt":"","footnotes":""},"categories":[73,53],"tags":[],"class_list":["post-112480","post","type-post","status-publish","format-standard","hentry","category-actualite","category-algerie"],"_links":{"self":[{"href":"https:\/\/linitiative.ca\/International\/wp-json\/wp\/v2\/posts\/112480","targetHints":{"allow":["GET"]}}],"collection":[{"href":"https:\/\/linitiative.ca\/International\/wp-json\/wp\/v2\/posts"}],"about":[{"href":"https:\/\/linitiative.ca\/International\/wp-json\/wp\/v2\/types\/post"}],"author":[{"embeddable":true,"href":"https:\/\/linitiative.ca\/International\/wp-json\/wp\/v2\/users\/1743"}],"replies":[{"embeddable":true,"href":"https:\/\/linitiative.ca\/International\/wp-json\/wp\/v2\/comments?post=112480"}],"version-history":[{"count":0,"href":"https:\/\/linitiative.ca\/International\/wp-json\/wp\/v2\/posts\/112480\/revisions"}],"wp:attachment":[{"href":"https:\/\/linitiative.ca\/International\/wp-json\/wp\/v2\/media?parent=112480"}],"wp:term":[{"taxonomy":"category","embeddable":true,"href":"https:\/\/linitiative.ca\/International\/wp-json\/wp\/v2\/categories?post=112480"},{"taxonomy":"post_tag","embeddable":true,"href":"https:\/\/linitiative.ca\/International\/wp-json\/wp\/v2\/tags?post=112480"}],"curies":[{"name":"wp","href":"https:\/\/api.w.org\/{rel}","templated":true}]}}