{"id":112481,"date":"2021-03-04T05:09:22","date_gmt":"2021-03-04T10:09:22","guid":{"rendered":"https:\/\/linitiative.ca\/International\/reconnaissance-par-le-president-macron-de-lassassinat-de-ali-boumendjel-un-petit-pas-dans-la-bonne-direction\/"},"modified":"2021-03-04T05:09:22","modified_gmt":"2021-03-04T10:09:22","slug":"reconnaissance-par-le-president-macron-de-lassassinat-de-ali-boumendjel-un-petit-pas-dans-la-bonne-direction","status":"publish","type":"post","link":"https:\/\/linitiative.ca\/International\/reconnaissance-par-le-president-macron-de-lassassinat-de-ali-boumendjel-un-petit-pas-dans-la-bonne-direction\/","title":{"rendered":"Reconnaissance par le pr\u00e9sident Macron de l\u2019assassinat de Ali Boumendjel : Un petit pas dans la bonne direction"},"content":{"rendered":"<h4 class=\"title-14\"\/>\n<div class=\"featured_image\"><img loading=\"lazy\" decoding=\"async\" width=\"1134\" height=\"553\" src=\"https:\/\/www.elwatan.com\/wp-content\/uploads\/2021\/03\/UNEEEEEE-1.gif\" class=\"attachment-post-thumbnail size-post-thumbnail wp-post-image\" alt=\"\"\/> <span class=\"featured-image-caption\">Photo : D. R.<\/span><\/div>\n<p class=\"p1\"><span class=\"s1\"><strong>Apr\u00e8s avoir reconnu le 13 septembre 2018 que Maurice Audin avait \u00e9t\u00e9 tortur\u00e9 et ex\u00e9cut\u00e9 par l\u2019arm\u00e9e fran\u00e7aise \u00e0 la faveur d\u2019un <em>\u00absyst\u00e8me l\u00e9galement institu\u00e9\u00bb<\/em>, Emmanuel Macron a reconnu solennellement, ce mardi, suivant en cela une des \u00abpr\u00e9conisations\u00bb du Rapport Stora, que <em>\u00abAli Boumendjel ne s\u2019est pas suicid\u00e9. Il a \u00e9t\u00e9 tortur\u00e9 puis assassin\u00e9\u00bb<\/em>. Comme avec Larbi Ben M\u2019hidi, l\u2019arm\u00e9e fran\u00e7aise a longtemps entretenu le r\u00e9cit selon lequel Ali Boumendjel, mort le 23 mars 1957, <em>\u00abs\u2019est suicid\u00e9\u00bb<\/em>, pr\u00e9tendant qu\u2019il s\u2019\u00e9tait jet\u00e9 du 6<sup>e<\/sup> \u00e9tage d\u2019un immeuble tenu par des parachutistes fran\u00e7ais \u00e0 El Biar. La famille du chahid a toujours demand\u00e9 que la v\u00e9rit\u00e9 soit faite sur les circonstances de son ex\u00e9cution.<\/strong><\/span><\/p>\n<p class=\"p1\"><span class=\"s1\">Le pr\u00e9sident fran\u00e7ais Emmanuel Macron a re\u00e7u ce mardi 2 mars 2021 \u00e0 l\u2019Elys\u00e9e <em>\u00abquatre des petits-enfants d\u2019Ali Boumendjel pour leur dire, au nom de la France, ce que Malika Boumendjel aurait voulu entendre : Ali Boumendjel ne s\u2019est pas suicid\u00e9. Il a \u00e9t\u00e9 tortur\u00e9 puis assassin\u00e9\u00bb<\/em>. Un aveu qui met fin \u00e0 un odieux mensonge qui entretenait le mythe que le chahid Ali Boumendjel \u00abs\u2019est suicid\u00e9\u00bb pour masquer un crime d\u2019Etat.<\/span><\/p>\n<p class=\"p1\"><span class=\"s2\">E<\/span><span class=\"s2\">n \u00e9cho \u00e0 l\u2019une des \u00abpr\u00e9conisations\u00bb du Rapport Stora, Emmanuel Macron a reconnu, ce mardi 2 mars, la responsabilit\u00e9 de l\u2019Etat fran\u00e7ais dans l\u2019assassinat de l\u2019avocat Ali Boumendjel. C\u2019est ce qu\u2019a annonc\u00e9 un communiqu\u00e9 de l\u2019Elys\u00e9e o\u00f9 l\u2019on peut lire\u00a0: <em>\u00abConform\u00e9ment \u00e0 la mission que le pr\u00e9sident de la R\u00e9publique lui avait confi\u00e9e, Benjamin Stora a remis, le 20 janvier dernier, son rapport sur la m\u00e9moire de la colonisation et de la guerre d\u2019Alg\u00e9rie. Parmi ses pr\u00e9conisations figure la reconnaissance par la France de l\u2019assassinat d\u2019Ali Boumendjel, avocat et dirigeant politique du nationalisme alg\u00e9rien\u00bb.<\/em><\/span><\/p>\n<p class=\"p4\"><span class=\"s2\">Et le communiqu\u00e9 de pr\u00e9ciser\u00a0: <em>\u00abAujourd\u2019hui<\/em> (mardi, ndlr)<em>, le Pr\u00e9sident de la R\u00e9publique a re\u00e7u au palais de l\u2019Elys\u00e9e quatre des petits-enfants d\u2019Ali Boumendjel pour leur dire, au nom de la France, ce que Malika Boumendjel aurait voulu entendre\u00a0: Ali Boumendjel ne s\u2019est pas suicid\u00e9. Il a \u00e9t\u00e9 tortur\u00e9 puis assassin\u00e9\u00bb<\/em>. Pour rappel, Emmanuel Macron avait reconnu de la m\u00eame fa\u00e7on, le 13 septembre 2018, <em>\u00abque Maurice Audin a \u00e9t\u00e9 tortur\u00e9 puis ex\u00e9cut\u00e9 ou tortur\u00e9 \u00e0 mort par des militaires qui l\u2019avaient arr\u00eat\u00e9 \u00e0 son domicile\u00bb<\/em>, ajoutant que cette mort <em>\u00aba \u00e9t\u00e9 rendue possible par un syst\u00e8me l\u00e9galement institu\u00e9<\/em>\u00bb.<\/span><\/p>\n<p class=\"p4\"><span class=\"s2\">En recevant les membres de la famille du chahid Ali Boumendjel, M. Macron leur a \u00e9galement fait part de <em>\u00absa volont\u00e9 de poursuivre le travail engag\u00e9 depuis plusieurs ann\u00e9es pour recueillir les t\u00e9moignages et encourager le travail des historiens par l\u2019ouverture des archives afin de donner \u00e0 toutes les familles des disparus, des deux c\u00f4t\u00e9s de la M\u00e9diterran\u00e9e, les moyens de conna\u00eetre la v\u00e9rit\u00e9. Ce travail sera prolong\u00e9 et approfondi au cours des prochains mois afin que nous puissions avancer vers l\u2019apaisement et la r\u00e9conciliation\u00bb<\/em>.<\/span><\/p>\n<p class=\"p4\"><span class=\"s2\">L\u2019Elys\u00e9e souligne\u00a0: <em>\u00abLa g\u00e9n\u00e9ration des petits-enfants d\u2019Ali Boumendjel doit pouvoir construire son destin, loin des deux orni\u00e8res que sont l\u2019amn\u00e9sie et le ressentiment. C\u2019est pour eux d\u00e9sormais, pour la jeunesse fran\u00e7aise et alg\u00e9rienne, qu\u2019il nous faut avancer sur la voie de la v\u00e9rit\u00e9, la seule qui puisse conduire \u00e0 la r\u00e9conciliation des m\u00e9moires. C\u2019est dans cet esprit que le pr\u00e9sident de la R\u00e9publique a souhait\u00e9 faire ce geste de reconnaissance, qui n\u2019est pas un acte isol\u00e9\u00bb<\/em>. Et de marteler\u00a0: <em>\u00abAucun crime, aucune atrocit\u00e9 commise par quiconque pendant la Guerre d\u2019Alg\u00e9rie ne peut \u00eatre excus\u00e9 ni occult\u00e9. Ils doivent \u00eatre regard\u00e9s avec courage et lucidit\u00e9, dans l\u2019absolu respect de toutes celles et ceux dont ils ont d\u00e9chir\u00e9 la vie et bris\u00e9 le destin\u00bb<\/em>.<\/span><\/p>\n<p class=\"p4\"><span class=\"s2\">Revenant sur les terribles circonstances dans lesquelles a \u00e9t\u00e9 ex\u00e9cut\u00e9 l\u2019avocat nationaliste, le document de l\u2019Elys\u00e9e livre ce r\u00e9cit gla\u00e7ant\u00a0: <em>\u00abAu c\u0153ur de la Bataille d\u2019Alger, il fut arr\u00eat\u00e9 par l\u2019arm\u00e9e fran\u00e7aise, plac\u00e9 au secret, tortur\u00e9, puis assassin\u00e9 le 23 mars 1957. Paul Aussaresses avoua lui-m\u00eame avoir ordonn\u00e9 \u00e0 l\u2019un de ses subordonn\u00e9s de le tuer et de maquiller le crime en suicide\u00bb<\/em>.<\/span><\/p>\n<p class=\"p4\"><span class=\"s2\">La d\u00e9claration solennelle n\u2019a pas manqu\u00e9 d\u2019exprimer aussi une pens\u00e9e \u00e9mue pour Malika Boumendjel, l\u2019\u00e9pouse de l\u2019avocat martyr et <em>\u00abses quatre enfants \u00e2g\u00e9s alors de sept ans \u00e0 vingt mois\u00a0: Nadir, Sami, Farid et Dalila\u00bb. \u00abMalika Boumendjel nous a quitt\u00e9s il y a peu, elle aurait eu cent deux ans aujourd\u2019hui. Elle avait fait du combat pour la v\u00e9rit\u00e9 sur les circonstances de la mort de son mari, de son p\u00e8re, Belkacem Amrani, de son fr\u00e8re, Andr\u00e9 Amrani et de leur ami Selhi Mohand, tous disparus en 1957, celui de sa vie. Elle voulait que la v\u00e9rit\u00e9 soit connue et reconnue de tous, pour sa famille, pour l\u2019Histoire, pour l\u2019Alg\u00e9rie et pour la France o\u00f9 certains de ses enfants et petits-enfants construisaient leur vie\u00bb<\/em>.<\/span><\/p>\n<p class=\"p5\"><strong><span class=\"s2\">\u00abSurtout qu\u2019on ne nous parle plus de suicide\u00bb<\/span><\/strong><\/p>\n<p class=\"p4\"><span class=\"s2\">Dans une interview accord\u00e9e au journal <em>Le Monde<\/em>, parue le 3 mai 2001, Malika Boumendjel livrait un t\u00e9moignage bouleversant o\u00f9 elle disait\u00a0: <em>\u00abMa vie de femme s\u2019est arr\u00eat\u00e9e le 23 mars 1957. C\u2019\u00e9tait un dimanche. Mon plus jeune fr\u00e8re est arriv\u00e9 en criant\u00a0: \u2018\u2018Ali s\u2019est suicid\u00e9\u00a0!\u2019\u2019 Il tenait un journal \u00e0 la main. Je me suis sentie comme an\u00e9antie, et en m\u00eame temps je n\u2019arrivais pas \u00e0 y croire<\/em> (\u2026) <em>Je suis rentr\u00e9e chez moi dans un \u00e9tat second. Les militaires nous ont annonc\u00e9 que les obs\u00e8ques n\u2019auraient lieu que le mercredi suivant, mais le corps ne m\u2019a pas \u00e9t\u00e9 rendu. Le jour de l\u2019enterrement a \u00e9t\u00e9 pire que tout. Je suis all\u00e9e \u00e0 la morgue. J\u2019y ai aper\u00e7u Massu, en train de rendre les honneurs \u00e0 un militaire tomb\u00e9 au combat. Pendant ce temps-l\u00e0, on faisait passer en vitesse un cercueil plomb\u00e9, celui de mon mari, qu\u2019on a charg\u00e9 \u00e0 bord d\u2019une fourgonnette, avant de prendre la direction du cimeti\u00e8re, sous escorte polici\u00e8re. Tout a \u00e9t\u00e9 exp\u00e9di\u00e9 en un quart d\u2019heure. Ali a \u00e9t\u00e9 enterr\u00e9 comme cela, sans c\u00e9r\u00e9monie, sans rien. Il avait trente-huit ans\u00bb<\/em>.<\/span><\/p>\n<p class=\"p4\"><span class=\"s2\">Elle poursuit\u00a0: <em>\u00abJe me suis retrouv\u00e9e seule avec mes quatre enfants \u00e2g\u00e9s de sept ans \u00e0 vingt mois\u00a0: Nadir, Sami, Farid et la petite Dalila. J\u2019ai appris peu \u00e0 peu les activit\u00e9s politiques de mon mari. L\u2019un de ses anciens camarades m\u2019a appris qu\u2019il avait \u00e9t\u00e9 le conseiller politique d\u2019Abane Ramdane. C\u2019\u00e9tait un avocat engag\u00e9, un humaniste et un pacifiste.\u00bb<\/em><\/span><\/p>\n<p class=\"p4\"><span class=\"s2\">A la fin de l\u2019interview, Malika Boumendjel \u00e9mettait ce souhait\u00a0: <em>\u00abCe que je souhaite aujourd\u2019hui avec mes quatre enfants, c\u2019est que la lumi\u00e8re soit faite. Nous l\u2019attendons depuis quarante-quatre ans<\/em> (en 2001, ndlr)<em>. Nous avons repris espoir l\u2019ann\u00e9e derni\u00e8re, avec l\u2019affaire Louisette Ighilahriz, mais le choc, \u00e7a a \u00e9t\u00e9 les aveux d\u2019Aussaresses. Un peu plus tard, le 12 d\u00e9cembre,<\/em> Lib\u00e9ration <em>a publi\u00e9 un papier d\u00e9signant nomm\u00e9ment Aussaresses comme l\u2019assassin de mon mari et de Ben M\u2019hidi. Depuis, on n\u2019a plus de doutes l\u00e0-dessus, mais nous voulons que la v\u00e9rit\u00e9 soit dite\u00a0: Ali ne s\u2019est pas suicid\u00e9. Il a \u00e9t\u00e9 tortur\u00e9 puis assassin\u00e9. Surtout qu\u2019on ne nous parle plus de suicide, c\u2019est primordial pour nous\u00a0! Nous ne disons pas cela dans un esprit de vengeance, nous estimons seulement avoir droit \u00e0 la v\u00e9rit\u00e9. C\u2019est indispensable pour l\u2019Histoire encore plus que pour nous.\u00bb<\/em><\/span><\/p>\n<p class=\"p5\"><strong><span class=\"s2\">\u00abC\u2019est courageux\u00a0!\u00bb<\/span><\/strong><\/p>\n<p class=\"p4\"><span class=\"s2\">Ali Boumendjel est n\u00e9 le 24 mai 1919 \u00e0 Relizane. Sa famille est cependant originaire de Beni Yenni, en Kabylie. Son p\u00e8re \u00e9tait instituteur. A la cr\u00e9ation de l\u2019UDMA en 1946, il adh\u00e8re d\u2019embl\u00e9e au parti de Ferhat Abbas. <em>\u00abLe p\u00e8re, et surtout les deux fr\u00e8res, Ahmed et Ali, ont \u00e9t\u00e9 engag\u00e9s dans l\u2019Association des Amis du Manifeste et de la Libert\u00e9 (AML), puis, \u00e0 partir de 1946, dans l\u2019UDMA de Ferhat Abbas.<\/em><\/span><\/p>\n<p class=\"p4\"><span class=\"s2\"><em>A leurs niveaux de responsabilit\u00e9 diff\u00e9rents, ils ont tous les deux particip\u00e9 \u00e0 une d\u00e9cennie de vie partisane, durant laquelle le MTLD, l\u2019UDMA et le PCA ont anim\u00e9 la vie politique du 2<sup>e<\/sup> coll\u00e8ge \u00e9lectoral en luttant pour l\u2019ind\u00e9pendance\u00bb,<\/em> soulignait l\u2019historienne Malika Rahal, auteure de <em>Ali Boumendjel, une affaire fran\u00e7aise, une histoire alg\u00e9rienne<\/em>, dans une interview \u00e0 <em>El Watan-Week End<\/em> (\u00e9dition du 24 mars 2017). <em>\u00abA partir de l\u2019insurrection,<\/em> ajoutait l\u2019historienne, <em>il participe \u00e0 la d\u00e9fense des militants du FLN dans le Collectif des avocats aux c\u00f4t\u00e9s de Amar Bentoumi, Arezki<br \/>Bouzida, Mohammed Hadj Hamou et bien d\u2019autres\u00bb<\/em>.<\/span><\/p>\n<p class=\"p4\"><span class=\"s2\">Arr\u00eat\u00e9 le 9 f\u00e9vrier 1957, M<sup>e<\/sup> Boumendjel sera tortur\u00e9 puis assassin\u00e9 le 23 mars 1957. Un article du <em>Monde<\/em> dat\u00e9 du 26 mars 1957 titrait\u00a0: \u00abL\u2019avocat s\u2019est jet\u00e9 d\u2019une terrasse situ\u00e9e au 6<sup>e<\/sup> \u00e9tage de l\u2019immeuble o\u00f9 il \u00e9tait d\u00e9tenu par les parachutistes\u00bb. L\u2019immeuble en question est situ\u00e9 au <em>\u00ab92, avenue Clemenceau (aujourd\u2019hui Ali Khodja) \u00e0 El Biar\u00bb,<\/em> pr\u00e9cise Malika Rahal qui l\u2019a visit\u00e9.<\/span><\/p>\n<p class=\"p4\"><span class=\"s2\">Sollicit\u00e9 pour nous livrer son sentiment sur ce nouveau geste m\u00e9moriel d\u2019Emmanuel Macron, l\u2019historien Fouad Soufi nous dira au t\u00e9l\u00e9phone\u00a0: <em>\u00abJe pense que c\u2019est une bonne chose. Tout ce qui rapproche les deux pays est toujours une bonne chose. Reconna\u00eetre un crime, c\u2019est encore une meilleure chose. C\u2019est courageux. D\u2019un autre c\u00f4t\u00e9, par rapport au travail de M. Stora, je note qu\u2019au moins une de ses pr\u00e9conisations a \u00e9t\u00e9 appliqu\u00e9e. C\u2019est une politique des petits pas et j\u2019esp\u00e8re que cela va aller encore plus loin\u00bb<\/em>.<\/span><\/p>\n<p class=\"p4\"><span class=\"s2\">L\u2019historien fera remarquer dans la foul\u00e9e\u00a0: <em>\u00abMaintenant, c\u2019est \u00e0 nous de faire le travail. Ce n\u2019est pas aux Fran\u00e7ais de dire nous avons tu\u00e9. C\u2019est \u00e0 nous d\u2019\u00e9tablir qu\u2019ils ont tu\u00e9 et dans quelles conditions ils ont commis ces crimes. Cela fait presque soixante ans que nous sommes ind\u00e9pendants et on n\u2019a pas la liste de nos martyrs. Cela doit \u00eatre fait dans chaque village, dans chaque ville. C\u2019est \u00e0 nous qu\u2019il incombe d\u2019accomplir ce travail. On ne doit pas attendre que les Fran\u00e7ais le fassent. Et on ne peut pas se contenter continuellement de r\u00e9agir, il faut agir. \u00c7a devient fatigant d\u2019attendre qu\u2019une d\u00e9cision soit prise outre-M\u00e9diterran\u00e9e pour que \u00e7a nous fasse bouger.\u00bb<\/em><\/span><\/p>\n<p><span class=\"post-views-label\">Post Views:<\/span> <span class=\"post-views-count\">1\u00a0417<\/span><\/p>\n<p><br class=\"c2\"\/><\/p>\n<div class=\"ichhar-moneytagnative c5\" id=\"ichhar-1485829603\">\n<p>Advertisements<\/p>\n<\/div>\n<p><br class=\"c2\"\/><br \/>\n<br class=\"c6\"\/><\/p>\n<p>Auteur: Anis Khecheba<br \/>\n<a href=\"https:\/\/www.elwatan.com\/edition\/actualite\/un-petit-pas-dans-la-bonne-direction-04-03-2021\">Cliquez ici pour lire l&rsquo;article depuis sa source.<\/a><\/p>\n","protected":false},"excerpt":{"rendered":"<p>Photo : D. R. Apr\u00e8s avoir reconnu le 13 septembre 2018 que Maurice Audin avait \u00e9t\u00e9 tortur\u00e9 et ex\u00e9cut\u00e9 par l\u2019arm\u00e9e fran\u00e7aise \u00e0 la faveur d\u2019un \u00absyst\u00e8me l\u00e9galement institu\u00e9\u00bb, Emmanuel Macron a reconnu solennellement, ce mardi, suivant en cela une des \u00abpr\u00e9conisations\u00bb du Rapport Stora, que \u00abAli Boumendjel ne s\u2019est pas suicid\u00e9. Il a \u00e9t\u00e9 [&hellip;]<\/p>\n","protected":false},"author":1743,"featured_media":0,"comment_status":"closed","ping_status":"closed","sticky":false,"template":"","format":"standard","meta":{"fifu_image_url":"https:\/\/www.elwatan.com\/wp-content\/uploads\/2021\/03\/UNEEEEEE-1.gif","fifu_image_alt":"Reconnaissance par le pr\u00e9sident Macron de l\u2019assassinat de Ali Boumendjel : Un petit pas dans la bonne direction","footnotes":""},"categories":[73,53],"tags":[],"class_list":["post-112481","post","type-post","status-publish","format-standard","hentry","category-actualite","category-algerie"],"_links":{"self":[{"href":"https:\/\/linitiative.ca\/International\/wp-json\/wp\/v2\/posts\/112481","targetHints":{"allow":["GET"]}}],"collection":[{"href":"https:\/\/linitiative.ca\/International\/wp-json\/wp\/v2\/posts"}],"about":[{"href":"https:\/\/linitiative.ca\/International\/wp-json\/wp\/v2\/types\/post"}],"author":[{"embeddable":true,"href":"https:\/\/linitiative.ca\/International\/wp-json\/wp\/v2\/users\/1743"}],"replies":[{"embeddable":true,"href":"https:\/\/linitiative.ca\/International\/wp-json\/wp\/v2\/comments?post=112481"}],"version-history":[{"count":0,"href":"https:\/\/linitiative.ca\/International\/wp-json\/wp\/v2\/posts\/112481\/revisions"}],"wp:attachment":[{"href":"https:\/\/linitiative.ca\/International\/wp-json\/wp\/v2\/media?parent=112481"}],"wp:term":[{"taxonomy":"category","embeddable":true,"href":"https:\/\/linitiative.ca\/International\/wp-json\/wp\/v2\/categories?post=112481"},{"taxonomy":"post_tag","embeddable":true,"href":"https:\/\/linitiative.ca\/International\/wp-json\/wp\/v2\/tags?post=112481"}],"curies":[{"name":"wp","href":"https:\/\/api.w.org\/{rel}","templated":true}]}}