{"id":112482,"date":"2021-03-04T04:19:00","date_gmt":"2021-03-04T09:19:00","guid":{"rendered":"https:\/\/linitiative.ca\/International\/le-plan-yaiche-planche-de-salut-de-leconomie-tunisienne\/"},"modified":"2021-03-04T04:19:00","modified_gmt":"2021-03-04T09:19:00","slug":"le-plan-yaiche-planche-de-salut-de-leconomie-tunisienne","status":"publish","type":"post","link":"https:\/\/linitiative.ca\/International\/le-plan-yaiche-planche-de-salut-de-leconomie-tunisienne\/","title":{"rendered":"Le plan Ya\u00efche,  planche de salut de l&rsquo;\u00e9conomie tunisienne ?"},"content":{"rendered":"<p>Nizar Ya\u00efche ne ch\u00f4me pas. Depuis son d\u00e9part du gouvernement, l\u2019ancien ministre des Finances n\u2019a rien chang\u00e9 \u00e0 son rythme quotidien. L\u00e8ve-t\u00f4t, arc-bout\u00e9 sur son ordinateur, recevant des visiteurs au 4e \u00e9tage de l\u2019immeuble aux Berges du Lac, il cogite. L\u2019ing\u00e9nieur centralien, associ\u00e9 chez PWC, 46 ans, rattrap\u00e9 par la politique, ne se r\u00e9sout pas \u00e0 renoncer \u00e0 la chose publique. Les six mois pass\u00e9s \u00e0 la t\u00eate des Finances, de fin f\u00e9vrier \u00e0 d\u00e9but septembre dernier, lui avaient r\u00e9v\u00e9l\u00e9 l\u2019ampleur d\u2019un d\u00e9sastre annonc\u00e9. Parti sur un go\u00fbt d\u2019inachev\u00e9, il entend apporter sa contribution \u00e0 un effort de redressement.<\/p>\n<p>De son m\u00e9tier de consultant international, Nizar Ya\u00efche a gard\u00e9 le sens de la vision, de la strat\u00e9gie et des plans d\u2019action. Avec le recul, et loin des pressions du quotidien, il finalise un document conceptuel et strat\u00e9gique, prioris\u00e9 en actions et mesures, enrichies \u00e0 la lumi\u00e8re des entretiens avec des acteurs significatifs et des experts reconnus. En derni\u00e8re ligne droite, il teste ses analyses et recommandations aupr\u00e8s d\u2019un panel de d\u00e9cisionnaires. Songe-t-il \u00e0 en faire son programme politique pour un mandat d\u2019\u00e9lu ou un retour au gouvernement? Il n\u2019y pense pas, affirme-t-il. Du moins, pour le moment\u2026<\/p>\n<p>Auteur:<br \/>\n<a href=\"https:\/\/www.leaders.com.tn\/article\/31523-le-plan-yaiche-planche-de-salut-de-l-economie-tunisienne\">Cliquez ici pour lire l&rsquo;article depuis sa source.<\/a><\/p>\n","protected":false},"excerpt":{"rendered":"<p>Nizar Ya\u00efche ne ch\u00f4me pas. Depuis son d\u00e9part du gouvernement, l\u2019ancien ministre des Finances n\u2019a rien chang\u00e9 \u00e0 son rythme quotidien. L\u00e8ve-t\u00f4t, arc-bout\u00e9 sur son ordinateur, recevant des visiteurs au 4e \u00e9tage de l\u2019immeuble aux Berges du Lac, il cogite. L\u2019ing\u00e9nieur centralien, associ\u00e9 chez PWC, 46 ans, rattrap\u00e9 par la politique, ne se r\u00e9sout pas [&hellip;]<\/p>\n","protected":false},"author":1772,"featured_media":0,"comment_status":"closed","ping_status":"closed","sticky":false,"template":"","format":"standard","meta":{"fifu_image_url":"","fifu_image_alt":"","footnotes":""},"categories":[73,55],"tags":[],"class_list":["post-112482","post","type-post","status-publish","format-standard","hentry","category-actualite","category-tunisie"],"_links":{"self":[{"href":"https:\/\/linitiative.ca\/International\/wp-json\/wp\/v2\/posts\/112482","targetHints":{"allow":["GET"]}}],"collection":[{"href":"https:\/\/linitiative.ca\/International\/wp-json\/wp\/v2\/posts"}],"about":[{"href":"https:\/\/linitiative.ca\/International\/wp-json\/wp\/v2\/types\/post"}],"author":[{"embeddable":true,"href":"https:\/\/linitiative.ca\/International\/wp-json\/wp\/v2\/users\/1772"}],"replies":[{"embeddable":true,"href":"https:\/\/linitiative.ca\/International\/wp-json\/wp\/v2\/comments?post=112482"}],"version-history":[{"count":0,"href":"https:\/\/linitiative.ca\/International\/wp-json\/wp\/v2\/posts\/112482\/revisions"}],"wp:attachment":[{"href":"https:\/\/linitiative.ca\/International\/wp-json\/wp\/v2\/media?parent=112482"}],"wp:term":[{"taxonomy":"category","embeddable":true,"href":"https:\/\/linitiative.ca\/International\/wp-json\/wp\/v2\/categories?post=112482"},{"taxonomy":"post_tag","embeddable":true,"href":"https:\/\/linitiative.ca\/International\/wp-json\/wp\/v2\/tags?post=112482"}],"curies":[{"name":"wp","href":"https:\/\/api.w.org\/{rel}","templated":true}]}}