{"id":112484,"date":"2021-03-04T11:10:00","date_gmt":"2021-03-04T16:10:00","guid":{"rendered":"https:\/\/linitiative.ca\/International\/la-tunisie-invitee-a-la-reunion-des-ministres-des-affaires-etrangeres-du-g20\/"},"modified":"2021-03-04T11:10:00","modified_gmt":"2021-03-04T16:10:00","slug":"la-tunisie-invitee-a-la-reunion-des-ministres-des-affaires-etrangeres-du-g20","status":"publish","type":"post","link":"https:\/\/linitiative.ca\/International\/la-tunisie-invitee-a-la-reunion-des-ministres-des-affaires-etrangeres-du-g20\/","title":{"rendered":"la Tunisie invit\u00e9e \u00e0 la r\u00e9union des ministres des Affaires \u00e9trang\u00e8res du G20"},"content":{"rendered":"<p>La Tunisie sera invit\u00e9e offiellement \u00e0 la r\u00e9union des ministres des Affaires \u00e9trang\u00e8res du G20 qui se tiendra en juin prochain \u00e0 Rome. L&rsquo;ambassadeur d&rsquo;Italie \u00e0 Tunis Lorenzo Fanara devait faire une invitation \u00e0 cet effet lors d\u2019une s\u00e9ance de travail tenue jeudi avec Ali Kooli, ministre des Finances et de l&rsquo;appui \u00e0 l&rsquo;investissement.<\/p>\n<p>Les deux parties ont convenu de renforcer la coordination concernant du partenariat entre les deux payx et l&rsquo;\u00e9laboration du plan de coop\u00e9ration financi\u00e8re\u00a0 (2021-2024).<br \/>\u00a0<\/p>\n<p>Auteur:<br \/>\n<a href=\"https:\/\/www.leaders.com.tn\/article\/31525-la-tunisie-invitee-a-la-reunion-des-ministres-des-affaires-etrangeres-du-g20\">Cliquez ici pour lire l&rsquo;article depuis sa source.<\/a><\/p>\n","protected":false},"excerpt":{"rendered":"<p>La Tunisie sera invit\u00e9e offiellement \u00e0 la r\u00e9union des ministres des Affaires \u00e9trang\u00e8res du G20 qui se tiendra en juin prochain \u00e0 Rome. L&rsquo;ambassadeur d&rsquo;Italie \u00e0 Tunis Lorenzo Fanara devait faire une invitation \u00e0 cet effet lors d\u2019une s\u00e9ance de travail tenue jeudi avec Ali Kooli, ministre des Finances et de l&rsquo;appui \u00e0 l&rsquo;investissement. Les [&hellip;]<\/p>\n","protected":false},"author":1772,"featured_media":0,"comment_status":"closed","ping_status":"closed","sticky":false,"template":"","format":"standard","meta":{"fifu_image_url":"","fifu_image_alt":"","footnotes":""},"categories":[73,55],"tags":[],"class_list":["post-112484","post","type-post","status-publish","format-standard","hentry","category-actualite","category-tunisie"],"_links":{"self":[{"href":"https:\/\/linitiative.ca\/International\/wp-json\/wp\/v2\/posts\/112484","targetHints":{"allow":["GET"]}}],"collection":[{"href":"https:\/\/linitiative.ca\/International\/wp-json\/wp\/v2\/posts"}],"about":[{"href":"https:\/\/linitiative.ca\/International\/wp-json\/wp\/v2\/types\/post"}],"author":[{"embeddable":true,"href":"https:\/\/linitiative.ca\/International\/wp-json\/wp\/v2\/users\/1772"}],"replies":[{"embeddable":true,"href":"https:\/\/linitiative.ca\/International\/wp-json\/wp\/v2\/comments?post=112484"}],"version-history":[{"count":0,"href":"https:\/\/linitiative.ca\/International\/wp-json\/wp\/v2\/posts\/112484\/revisions"}],"wp:attachment":[{"href":"https:\/\/linitiative.ca\/International\/wp-json\/wp\/v2\/media?parent=112484"}],"wp:term":[{"taxonomy":"category","embeddable":true,"href":"https:\/\/linitiative.ca\/International\/wp-json\/wp\/v2\/categories?post=112484"},{"taxonomy":"post_tag","embeddable":true,"href":"https:\/\/linitiative.ca\/International\/wp-json\/wp\/v2\/tags?post=112484"}],"curies":[{"name":"wp","href":"https:\/\/api.w.org\/{rel}","templated":true}]}}