{"id":112485,"date":"2021-03-04T12:57:00","date_gmt":"2021-03-04T17:57:00","guid":{"rendered":"https:\/\/linitiative.ca\/International\/tunisie-donner-des-perspectives-a-la-jeunesse-de-vivre-et-travailler-au-pays\/"},"modified":"2021-03-04T12:57:00","modified_gmt":"2021-03-04T17:57:00","slug":"tunisie-donner-des-perspectives-a-la-jeunesse-de-vivre-et-travailler-au-pays","status":"publish","type":"post","link":"https:\/\/linitiative.ca\/International\/tunisie-donner-des-perspectives-a-la-jeunesse-de-vivre-et-travailler-au-pays\/","title":{"rendered":"Tunisie: Donner des perspectives \u00e0 la jeunesse de vivre et travailler au pays"},"content":{"rendered":"<p><span class=\"c2\"><em><strong><img decoding=\"async\" src=\"\/uploads\/FCK_files\/Hedi-Zaeim-min.jpg\" width=\"20%\" vspace=\"5\" hspace=\"5\" align=\"left\" alt=\"\"\/>Par Mohamed Hedi Zaiem &#8211;<\/strong><\/em><\/span> <strong>L\u2019appel path\u00e9tique, qui constitue le titre de cet article, n\u2019a pas \u00e9t\u00e9 prononc\u00e9 par le pr\u00e9sident de la R\u00e9publique, ni par le chef du gouvernement, ni par le pr\u00e9sident de l\u2019ARP, mais par des centaines de personnalit\u00e9s du monde de la culture, de la politique et de la recherche, \u00e9crivains, cin\u00e9astes, politiques, universitaires\u2026originaires de dix-neuf pays, dans une tribune publi\u00e9e dans un grand m\u00e9dia international. Nos politiques ont mieux \u00e0 faire: jouer aux chaises musicales.<\/strong><\/p>\n<p>Sont-ils autistes au point que des \u00ab\u00e9trangers\u00bb sont devenus plus sensibles qu\u2019eux \u00e0 nos vrais drames. Il faut se l\u2019avouer, la R\u00e9volution a failli sur presque tous ses objectifs dont essentiellement la lutte contre l\u2019exclusion sous toutes ses formes.\u00a0 Beaucoup attendent \u00abune deuxi\u00e8me r\u00e9volution\u00bb, certains, pour des motifs non avou\u00e9s, y contribuent activement et n\u2019y voient que le sang et les \u00e9meutes. Saurons-nous trouver suffisamment de g\u00e9nie pour reproduire un autre \u00abmiracle \u00e0 la tunisienne\u00bb en redonnant aux jeunes des raisons d\u2019y croire et d\u2019esp\u00e9rer pas seulement par des discours \u2013 d\u00e9sormais sans aucune port\u00e9e &#8211; mais par la mise en place de processus participatifs nouveaux et inventifs ?<\/p>\n<p><span class=\"c3\"><strong>Les jeunes demandent du respect<\/strong><\/span><\/p>\n<p>Il y a cinq ans je publiais dans ces colonnes un papier intitul\u00e9 \u00abDonnez le pouvoir aux Jeunes. Imm\u00e9diatement !\u00bb<\/p>\n<p>Disons-le tout de suite. Donner le pouvoir aux jeunes ne signifie pas qu\u2019il faille nommer quelques \u00abjeunes premiers\u00bb aux plus hautes responsabilit\u00e9s. Nous en avons vu, et nous avons \u00e9t\u00e9 tr\u00e8s d\u00e9\u00e7us.\u00a0<\/p>\n<p>Les jeunes ont besoin de respect, pour tous et pas seulement pour quelques \u00abjeunes premiers\u00bb parmi eux. La dignit\u00e9 (al karama), qui a \u00e9t\u00e9 au c\u0153ur des revendications de la R\u00e9volution, ne signifie pas seulement un emploi. Les jeunes ont besoin de se sentir exister et d\u2019\u00eatre des acteurs de leur devenir et de celui du pays. Les jeunes ont aussi besoin de croire en quelque chose. Nous ne leur offrons sur ce plan aucune alternative r\u00e9elle, c\u00e9dant la place \u00e0 des organisations terroristes ou des charlatans qui, qu\u2019on le veuille ou non, le font, et le font si bien quand il y a de riches pourvoyeurs de fonds derri\u00e8re. Et allez demander \u00e0 comprendre les r\u00e9sultats des derniers sondages d\u2019opinion.<\/p>\n<p>D\u2019abord, les jeunes nous disent \u00ab\u00d4te-toi de l\u00e0 que je m\u2019y mette !\u00bb. Malheureusement, dans l\u2019esprit d\u2019une large fraction de notre jeunesse, nos dirigeants, et par extension nos institutions (gouvernement, parlement, organes d\u2019information, faiseurs d\u2019opinions\u2026) se sont non seulement av\u00e9r\u00e9s \u00abincapables\u00bb, mais parfois \u00abmalpropres\u00bb, toutes tendances confondues, y compris ceux qu\u2019une partie du peuple a pl\u00e9biscit\u00e9s parce qu\u2019ils les supposaient faisant partie de \u00abceux qui craignent Dieu\u00bb. Ni les chapelles blanches ni les chapelles rouges n\u2019ont \u00e9t\u00e9 suffisantes pour garantir des dirigeants honn\u00eates, et encore moins comp\u00e9tents.<\/p>\n<p>Si cette \u00abkarama\u00bb ne leur est pas due, ils la chercheront en se bardant de ceintures de cartouches, d\u2019une kalachnikov ou d\u2019une simple machette. Pour l\u2019instant, la grande masse d\u2019entre eux la trouvent dans les \u00abconfr\u00e9ries\u00bb de supporters de leurs clubs de football pr\u00e9f\u00e9r\u00e9s, seules structures d\u2019appartenance qui leur restent o\u00f9 ils trouvent encore chaleur, d\u00e9foulement et protection. Mais jusqu\u2019o\u00f9 cela tiendra-t-il ?<\/p>\n<p><span class=\"c3\"><strong>Le d\u00e9sert des politiques publiques d\u2019insertion des jeunes<\/strong><\/span><\/p>\n<p>Le ministre de la Jeunesse, des Sports et de l\u2019Insertion professionnelle, que je n\u2019avais jamais connu auparavant, m\u2019avait propos\u00e9 de l\u2019aider \u00e0 trouver des solutions \u00e0 la question de l\u2019insertion des jeunes. J\u2019avais d\u00e9clin\u00e9 gentiment l\u2019offre de faire partie de son cabinet, mais j\u2019ai accept\u00e9 de collaborer avec lui, et me suis mis de mani\u00e8re quasi-informelle au travail sans demander \u00e0 \u00eatre r\u00e9mun\u00e9r\u00e9. Je n\u2019\u00e9tais pas d\u00e9sint\u00e9ress\u00e9, car ce qui m\u2019int\u00e9ressait, c\u2019\u00e9tait de travailler sur un projet auquel je crois beaucoup, et qui constitue mon principal sujet de r\u00e9flexion depuis quelques mois. Mon parcours acad\u00e9mique et plusieurs ann\u00e9es d\u2019exp\u00e9rience administrative sur diff\u00e9rents terrains m\u2019ont convaincu de la f\u00e9condit\u00e9 du mariage entre les deux. J\u2019ai beaucoup travaill\u00e9 et \u00e9crit sur ce qu\u2019on appelle l\u2019Economie sociale et solidaire (ESS) et je savais que je gagnerais beaucoup en contribuant au c\u0153ur du terrain \u00e0 la mettre en \u0153uvre. En quelques semaines, j\u2019ai \u00e9tudi\u00e9 de mani\u00e8re approfondie tous les documents disponibles, tenu nombre de r\u00e9unions avec les hauts cadres du minist\u00e8re et anim\u00e9 avec eux de tr\u00e8s fructueux d\u00e9bats. De ce cadre, la seule chose dont je rendrai compte est leur extr\u00eame d\u00e9vouement et\u2026 leur grande d\u00e9tresse. C\u2019est vrai que le paradoxe de ce minist\u00e8re \u00ab sinistr\u00e9 \u00bb est le fort taux de rotation des ministres, \u00e0 opposer \u00e0 la quasi-permanence des politiques dont les \u00e9valuations rigoureuses ont prouv\u00e9 les \u00e9checs. Il est vrai que chaque ministre qui d\u00e9barque vient avec ses \u00ab programmes \u00bb, qui ne font que reproduire &#8211; sous des appellations nouvelles, et toujours pompeuses &#8211; les m\u00eames vieilles recettes.<\/p>\n<p>Ma grande d\u00e9ception est venue de certains travaux qui se r\u00e9duisent in fine \u00e0 une liste d\u2019incantations et de v\u0153ux pieux. Ce que je peux vous affirmer, c\u2019est que dans ce domaine, on est encore en plein d\u00e9sert\u2026 intellectuel, et on n\u2019a pas avanc\u00e9 d\u2019un iota.<\/p>\n<p>L\u2019autre sujet qui a mobilis\u00e9 nos r\u00e9flexions est l\u2019ESS. Celle-ci est devenue malheureusement une mode, et cela fait \u00ab chic \u00bb de l\u2019invoquer \u00e0 tout-va. Les propos convenus soutiennent que l\u2019ESS va permettre de cr\u00e9er des emplois et de r\u00e9soudre le probl\u00e8me du secteur informel, sans dire comment. Une loi a \u00e9t\u00e9 vot\u00e9e il y a quelques mois. La propagande officielle y a vu une r\u00e9alisation importante qui va ouvrir la voie au d\u00e9veloppement de ce secteur, et certains observateurs plus ou moins avertis y ont vu beaucoup de d\u00e9fauts, parfois majeurs. Pour ma part, je pense que cette loi constituera un handicap tr\u00e8s lourd pour le secteur qui se r\u00e9duira au d\u00e9monstratif et au d\u00e9veloppement d\u2019un petit secteur \u00e0 finalit\u00e9 sociale (au sens de l\u2019assistance) soutenu par, et tributaire de, l\u2019assistance de l\u2019Etat et de la mansu\u00e9tude de bailleurs \u00e9trangers, ce qui en limitera consid\u00e9rablement la port\u00e9e.<\/p>\n<p>Pour faire bref, l\u2019ESS est un troisi\u00e8me secteur \u00e0 c\u00f4t\u00e9 des secteurs priv\u00e9 et public. C\u2019est en fait une autre mode d\u2019entreprendre. Tel qu\u2019il est envisag\u00e9 par cette loi, ce nouveau mode ne comporte aucune incitation particuli\u00e8re et n\u2019octroie en fait aucun avantage qui rende l\u2019investissement dans ce secteur pr\u00e9f\u00e9rable \u00e0 l\u2019investissement dans le cadre du secteur priv\u00e9 habituel, et si j\u2019\u00e9tais jeune et que j\u2019avais l\u2019intention de lancer un projet, je ne le ferais jamais le cadre de cette loi. La raison en est simple. Il s\u2019agit d\u2019une loi qui impose un grand nombre de restrictions r\u00e9elles au niveau du comportement de l\u2019entrepreneur en \u00e9change d\u2019un ensemble de \u00abprivil\u00e8ges\u00bb mineurs sinon totalement virtuels ou d\u00e9j\u00e0 existants, dans le cadre normal de l\u2019investissement. Au passage, vous voyez d\u00e9j\u00e0 l\u00e0 les errements de ceux qui croient qu\u2019il puisse attirer les \u00abentrepreneurs\u00bb du secteur informel !<\/p>\n<p>Certains d\u00e9fauts de cette loi ne peuvent pas \u00eatre rattrap\u00e9s au niveau des textes d\u2019application que le gouvernement\u00a0 a d\u00e9j\u00e0 commenc\u00e9 \u00e0\u00a0 sortir, et j\u2019\u00e9tais tr\u00e8s g\u00ean\u00e9 de dire au ministre qu\u2019une loi qui vient d\u2019\u00eatre vot\u00e9e devrait en fait \u00eatre totalement revue.<\/p>\n<p>Ce que nous voulons aussi rapidement montrer ci-dessous, c\u2019est comment l\u2019ESS constitue aujourd\u2019hui une des voies les plus prometteuses pour ceux qui veulent donner des perspectives \u00e0 la jeunesse tunisienne et les moyens de se r\u00e9aliser et les aider \u00e0 sortir d\u2019une d\u00e9tresse insupportable, et que la crise sanitaire n\u2019a fait qu\u2019aggraver.<\/p>\n<p><span class=\"c3\"><strong>L\u2019Economie sociale et solidaire, une voie prometteuse pour les jeunes promoteurs<\/strong><\/span><\/p>\n<p>L\u2019espace d\u2019un article est trop \u00e9troit pour d\u00e9velopper cette proposition, et nous nous limiterons \u00e0 donner l\u2019esquisse d\u2019un ou deux aspects.<\/p>\n<p>Devant la permanence du ch\u00f4mage en g\u00e9n\u00e9ral, celui des jeunes et des dipl\u00f4m\u00e9s en particulier, plusieurs options dominent le paysage des d\u00e9bats et des propositions.<\/p>\n<p>Certains voient dans la technologie et \u00abl\u2019\u00e9conomie du savoir\u00bb la seule issue au probl\u00e8me du ch\u00f4mage des jeunes, et en particulier les dipl\u00f4m\u00e9s d\u2019entre eux. Nous avons eu l\u2019occasion ailleurs de montrer qu\u2019il s\u2019agit d\u2019un leurre. Il est possible de montrer que si ces technologies sont maintenant l\u00e0, qu\u2019elles s\u2019imposent \u00e0 nous,\u00a0 il est aussi illusoire de penser que nous pouvons nous en passer, que de croire qu\u2019elles peuvent r\u00e9soudre nos probl\u00e8mes en mati\u00e8re de croissance et de d\u00e9veloppement. Par ailleurs, les \u00e9tudes men\u00e9es par des organismes internationaux comme l\u2019OIT montrent que le progr\u00e8s technologique se traduit in\u00e9luctablement par une destruction nette d\u2019emplois.\u00a0<\/p>\n<p>D\u2019autres consid\u00e8rent que l\u2019emploi salari\u00e9 n\u2019est plus en mesure de r\u00e9pondre aux demandes d\u2019emploi et que la solution r\u00e9siderait dans le d\u00e9veloppement de l\u2019entrepreneuriat chez les jeunes. Les autorit\u00e9s ont mis en place depuis longtemps des m\u00e9canismes et des politiques visant \u00e0 d\u00e9velopper l\u2019entrepreneuriat, Mais les r\u00e9sultats ont \u00e9t\u00e9 d\u00e9cevants et le taux d\u2019\u00e9chec tr\u00e8s \u00e9lev\u00e9. Certains y voient un probl\u00e8me \u00abculturel \u00bb qui est l\u2019absence de \u00ab culture entrepreneuriale\u00bb chez nos jeunes.<\/p>\n<p>Et nous avons vu se d\u00e9ployer une armada de programmes de formation \u00e0 cet effet. Nous pensons que la question \u00abculturelle\u00bb est marginale. Par contre, l\u2019exp\u00e9rience concr\u00e8te montre qu\u2019il est en g\u00e9n\u00e9ral illusoire de demander \u00e0 un jeune de se lancer de mani\u00e8re isol\u00e9e. Il y a d\u2019abord la question de l\u2019identification du projet. Un des gros probl\u00e8mes pour le jeune entrepreneur est de trouver une activit\u00e9 o\u00f9 il y aura une demande solvable. Allez demander aux responsables de la Banque tunisienne de solidarit\u00e9 les probl\u00e8mes rencontr\u00e9s par les jeunes promoteurs pour identifier un projet viable et le nombre de projets qui ont capot\u00e9 \u00e0 cause de cela, et vous comprendrez que la disponibilit\u00e9 du financement \u2013 m\u00eame si elle est contraignante pour beaucoup d\u2019investisseurs &#8211; n\u2019est qu\u2019une condition n\u00e9cessaire et tr\u00e8s loin d\u2019\u00eatre suffisante pour la r\u00e9alisation et la survie d\u2019un projet, comme en t\u00e9moigne le taux \u00e9lev\u00e9 de mortalit\u00e9 des projets individuels. L\u2019avenir de l\u2019entrepreneuriat est dans des projets collectifs. Et c\u2019est l\u00e0 que l\u2019ESS peut apporter quelque chose.<\/p>\n<p>Un jour, un coll\u00e8gue professeur d\u2019\u00e9conomie, commentant un de mes posts, a \u00e9crit : \u00abIl faut que les gens comprennent que le march\u00e9 de l\u2019emploi est \u00e9troit en Tunisie\u00bb, ce qui veut dire qu\u2019il ne peut pas y avoir du travail pour tout le monde. Il a dans une certaine mesure raison. Le march\u00e9 est \u00e9troit si l\u2019on se restreint aux activit\u00e9s qui \u00ab int\u00e9ressent le capital\u00bb, c\u2019est-\u00e0-dire qui permettent le profit et surtout le surprofit. Il y a \u00e9norm\u00e9ment de besoins non satisfaits et dont la main-d\u2019\u0153uvre n\u00e9cessaire (toutes qualifications confondues) d\u00e9passerait l\u2019exc\u00e9dent de l\u2019offre existante de travail.<\/p>\n<p>D\u2019abord pour nous, le domaine privil\u00e9gi\u00e9 de d\u00e9ploiement de l\u2019ESS est celui des services fondamentaux: \u00e9ducation, sant\u00e9, transports collectifs, culture et loisirs. C\u2019est aussi probablement une des meilleures entr\u00e9es pour les activit\u00e9s li\u00e9es \u00e0 la pr\u00e9servation de l\u2019environnement.<\/p>\n<p>L\u2019ESS \u00e9largit le march\u00e9 du travail en r\u00e9pondant \u00e0 des besoins habituellement satisfaits par les structures publiques. Ces secteurs connaissent depuis plusieurs ann\u00e9es une d\u00e9t\u00e9rioration (sinon une d\u00e9faillance totale) de leurs prestations et une fuite vers le secteur priv\u00e9 non accessible \u00e0 la majorit\u00e9 des cat\u00e9gories sociales. En r\u00e9pondant \u00e0 des besoins existants, l\u2019ESS n\u2019a plus de probl\u00e8me d\u2019identification des projets. En ne faisant pas du profit son principal objectif, l\u2019ESS peut rendre ses services accessibles \u00e0 des cat\u00e9gories sociales et des r\u00e9gions n\u2019ayant pas les moyens d\u2019attirer le secteur priv\u00e9 et de b\u00e9n\u00e9ficier de ses prestations.<br \/>Plusieurs observateurs consid\u00e8rent \u00e0 juste titre que les situations de rente constituent l\u2019une des principales barri\u00e8res \u00e0 l\u2019entr\u00e9e pour les nouveaux entrepreneurs et les plus jeunes parmi eux. Nous pr\u00e9tendons et pouvons montrer que l\u2019ESS peut constituer un des moyens les plus efficaces pour lutter contre les situations de rente.<\/p>\n<p><span class=\"c3\"><strong>L\u2019ESS est-elle la seule voie pour r\u00e9concilier les jeunes avec la d\u00e9mocratie?<\/strong><\/span><\/p>\n<p>Dix ans d\u2019effervescence ont chang\u00e9 beaucoup de choses et parfois dans le bon sens. Mais de ladite \u00abtransition d\u00e9mocratique\u00bb, nous n\u2019avons non seulement rien r\u00e9alis\u00e9, mais peut-\u00eatre r\u00e9gress\u00e9. Dix ans apr\u00e8s la r\u00e9volution, il est un fait qu\u2019il faut reconna\u00eetre : l\u2019image de la d\u00e9mocratie, au moins telle qu\u2019elle est mat\u00e9rialis\u00e9e aujourd\u2019hui, a \u00e9t\u00e9 tr\u00e8s alt\u00e9r\u00e9e chez les jeunes par la d\u00e9rive qu\u2019ils observent chez les repr\u00e9sentants de la classe politique et l\u2019invasion de la sph\u00e8re politique par les affairistes de tous bords. Ce qui est s\u00fbr, c\u2019est que la d\u00e9mocratie ne constitue plus pour nos jeunes un projet mobilisateur. Pire, les id\u00e9ologies fascisantes et populistes fleurissent dans le rejet de la d\u00e9mocratie, et les hommes et les partis politiques qui les repr\u00e9sentent en font un aspect mobilisateur, et se retrouvent en t\u00eate des intentions de vote.<\/p>\n<p>Comme cons\u00e9quence, les jeunes tendent \u00e0 se retrouver dans des formes de \u00abcomit\u00e9s populaires\u00bb dont les \u00abtansiqyats\u00bb \u00e0 la Kamour sont un mod\u00e8le. Ces comit\u00e9s ne revendiquent pas la participation mais une part d\u2019un hypoth\u00e9tique g\u00e2teau que certains mouvements politiques ont invent\u00e9 et utilis\u00e9 (l\u2019argent du sel et du p\u00e9trole, par exemple !). Au lieu d\u2019\u00eatre une force de cr\u00e9ation \u00e0 laquelle l\u2019Etat doit apporter appui et moyens, ils sont une forme \u00abappendicitale\u00bb de la soci\u00e9t\u00e9 d\u2019assistance \u00e0 laquelle la Tunisie a \u00e9t\u00e9 nourrie depuis le milieu des ann\u00e9es soixante-dix du si\u00e8cle dernier, et o\u00f9 le poste d\u2019emploi n\u2019est plus une contribution \u00e0 la cr\u00e9ation de la richesse mais une simple position pour revendiquer une part d\u2019un g\u00e2teau qui se r\u00e9tr\u00e9cit de jour en jour.<\/p>\n<p>On ne peut aussi que signaler notre \u00e9chec \u00e0 r\u00e9concilier le jeune avec l\u2019Etat et ses repr\u00e9sentants en uniforme. Un jeune ne p\u00e8se pas grand-chose devant le moindre repr\u00e9sentant des forces de l\u2019ordre, surtout s\u2019il est ch\u00f4meur et d\u00e9muni, et ce sentiment n\u2019a fait qu\u2019augmenter apr\u00e8s la recrudescence de la violence polici\u00e8re observ\u00e9e ces derni\u00e8res semaines.\u00a0<\/p>\n<p><span class=\"c3\"><strong>L\u2019ESS constitue-t-elle une de nos derni\u00e8res chances d\u2019enrayer cette d\u00e9g\u00e9n\u00e9rescence?<\/strong><\/span><\/p>\n<p>La loi de juin 2020 organisant l\u2019ESS rev\u00eat malheureusement une orientation tr\u00e8s bureaucratique, contraire \u00e0 l\u2019esprit d\u2019un secteur qui se veut \u00eatre un mod\u00e8le de gestion d\u00e9mocratique, pas seulement au niveau de chacune des entreprises, mais au niveau de la gouvernance du secteur lui-m\u00eame. En r\u00e9ponse, nous revendiquons simplement qu\u2019il ne faut pas y aller par quatre chemins, nous proposons que le secteur de l\u2019ESS soit livr\u00e9 aux jeunes, organis\u00e9s en \u00abcomit\u00e9s de l\u2019emploi et de l\u2019ESS\u00bb d\u00e9mocratiquement \u00e9lus.<\/p>\n<p>Une mise en \u0153uvre de l\u2019ESS n\u00e9cessite en effet la mise en place de structures sp\u00e9cifiques destin\u00e9es \u00e0 :<\/p>\n<p class=\"c5\"><span class=\"c4\"><strong>\u2022<\/strong><\/span> Mobiliser les jeunes autour du projet;<\/p>\n<p class=\"c5\"><span class=\"c4\"><strong>\u2022<\/strong><\/span> Identifier les activit\u00e9s \u00e0 d\u00e9velopper;<\/p>\n<p class=\"c5\"><span class=\"c4\"><strong>\u2022<\/strong><\/span> Identifier et former les jeunes promoteurs de l\u2019ESS ;<\/p>\n<p class=\"c5\"><span class=\"c4\"><strong>\u2022<\/strong><\/span> Accompagner les jeunes dans toutes les \u00e9tapes : mobilisation des fonds, d\u00e9marches\u2026<\/p>\n<p class=\"c5\"><span class=\"c4\"><strong>\u2022<\/strong><\/span> Assurer le suivi et le contr\u00f4le.\u00a0<\/p>\n<p>Beaucoup de comp\u00e9tences sont n\u00e9cessaires et notre r\u00f4le ne sera que de les encadrer et les suivre. Imaginez la fiert\u00e9 d\u2019un jeune qui aura d\u00e9sormais un \u00abstatut\u00bb dans sa communaut\u00e9 et parmi ses pairs, qui se sentira contribuer \u00e0 cr\u00e9er des emplois et rendre des services \u00e0 la soci\u00e9t\u00e9. Un jeune qui devient \u00abquelqu\u2019un\u00bb!<\/p>\n<p>Les ressources publiques d\u00e9pens\u00e9es sans aucun rendement r\u00e9el dans la multitude de programmes destin\u00e9s \u00e0 masquer et maquiller nos \u00e9checs seront plus que suffisantes pour financer ce projet. Les bailleurs de fonds \u00e9trangers seront ravis de pouvoir discuter avec un partenaire qui a une vision et un projet. Ce projet jouera un r\u00f4le central et f\u00e9d\u00e9rateur de tous les instruments existants: tous les instruments des politiques actives de l\u2019emploi, les canaux et programmes de financement (aussi bien int\u00e9rieur qu\u2019ext\u00e9rieur) et aussi la formation professionnelle.<\/p>\n<p>Ce que nous avons dit ci-dessus n\u2019est qu\u2019une esquisse rapide de quelques aspects d\u2019un travail tr\u00e8s minutieux que nous menons et qui occupera l\u2019espace d\u2019un ouvrage \u00e0 venir, consacr\u00e9 \u00e0 l\u2019ESS, et dont l\u2019objectif est d\u2019\u00e9tayer la th\u00e8se que ce secteur n\u2019est pas un simple lieu r\u00e9duit de la bienfaisance sociale, mais une nouvelle voie qui a tous les moyens\u00a0 de la p\u00e9rennit\u00e9, et qui constitue \u00e0 notre avis une opportunit\u00e9 \u00e9norme qui a toutes les chances d\u2019\u00eatre gaspill\u00e9e. La concr\u00e9tisation sera tributaire d\u2019un r\u00e9examen du cadre juridique actuel et donc une refonte totale de la loi fra\u00eechement vot\u00e9e. Qui en aura le courage ? Et si courage il a, lui en donnera-t-on jamais l\u2019opportunit\u00e9? Car l\u2019ESS d\u00e9range beaucoup d\u2019int\u00e9r\u00eats en place et menace beaucoup de lobbies et les plus inattendus parmi eux, au point que par moments, je pense que cette loi a enterr\u00e9 l\u2019affaire en m\u00eame temps qu\u2019elle lui a donn\u00e9 la vie.<\/p>\n<p class=\"c6\"><strong>Mohamed Hedi Zaiem<\/strong><\/p>\n<p><span class=\"c7\"><em>(*) Ceci est le troisi\u00e8me article d\u2019une s\u00e9rie consacr\u00e9e au bilan des dix ann\u00e9es post-r\u00e9volution, mais surtout aux orientations futures. Il devait venir plus tard, mais les circonstances nous ont incit\u00e9s \u00e0 l\u2019avancer.<\/em><\/span><\/p>\n<p><strong>Lire aussi<\/strong><\/p>\n<p><a href=\"https:\/\/www.leaders.com.tn\/article\/31334-tunisie-dix-ans-pour-rien-tu-as-mal-ou-mon-pays\" target=\"_blank\" rel=\"noopener\">Tunisie: Dix ans, pour rien ? \u2026 Tu as mal o\u00f9, mon Pays?<\/a><br \/><a href=\"https:\/\/www.leaders.com.tn\/article\/31292-hedi-zaiem-dix-ans-dix-sans-le-probleme-est-politique\" target=\"_blank\" rel=\"noopener\">Hedi Zaiem &#8211; Dix ans, pour rien ?<\/a><\/p>\n<p>Auteur:<br \/>\n<a href=\"https:\/\/www.leaders.com.tn\/article\/31526-tunisie-donner-des-perspectives-a-la-jeunesse-de-vivre-et-travailler-au-pays\">Cliquez ici pour lire l&rsquo;article depuis sa source.<\/a><\/p>\n","protected":false},"excerpt":{"rendered":"<p>Par Mohamed Hedi Zaiem &#8211; L\u2019appel path\u00e9tique, qui constitue le titre de cet article, n\u2019a pas \u00e9t\u00e9 prononc\u00e9 par le pr\u00e9sident de la R\u00e9publique, ni par le chef du gouvernement, ni par le pr\u00e9sident de l\u2019ARP, mais par des centaines de personnalit\u00e9s du monde de la culture, de la politique et de la recherche, \u00e9crivains, [&hellip;]<\/p>\n","protected":false},"author":1772,"featured_media":0,"comment_status":"closed","ping_status":"closed","sticky":false,"template":"","format":"standard","meta":{"fifu_image_url":"\/uploads\/FCK_files\/Hedi-Zaeim-min.jpg","fifu_image_alt":"Tunisie: Donner des perspectives \u00e0 la jeunesse de vivre et travailler au pays","footnotes":""},"categories":[73,55],"tags":[],"class_list":["post-112485","post","type-post","status-publish","format-standard","hentry","category-actualite","category-tunisie"],"_links":{"self":[{"href":"https:\/\/linitiative.ca\/International\/wp-json\/wp\/v2\/posts\/112485","targetHints":{"allow":["GET"]}}],"collection":[{"href":"https:\/\/linitiative.ca\/International\/wp-json\/wp\/v2\/posts"}],"about":[{"href":"https:\/\/linitiative.ca\/International\/wp-json\/wp\/v2\/types\/post"}],"author":[{"embeddable":true,"href":"https:\/\/linitiative.ca\/International\/wp-json\/wp\/v2\/users\/1772"}],"replies":[{"embeddable":true,"href":"https:\/\/linitiative.ca\/International\/wp-json\/wp\/v2\/comments?post=112485"}],"version-history":[{"count":0,"href":"https:\/\/linitiative.ca\/International\/wp-json\/wp\/v2\/posts\/112485\/revisions"}],"wp:attachment":[{"href":"https:\/\/linitiative.ca\/International\/wp-json\/wp\/v2\/media?parent=112485"}],"wp:term":[{"taxonomy":"category","embeddable":true,"href":"https:\/\/linitiative.ca\/International\/wp-json\/wp\/v2\/categories?post=112485"},{"taxonomy":"post_tag","embeddable":true,"href":"https:\/\/linitiative.ca\/International\/wp-json\/wp\/v2\/tags?post=112485"}],"curies":[{"name":"wp","href":"https:\/\/api.w.org\/{rel}","templated":true}]}}