{"id":112489,"date":"2021-03-04T05:00:00","date_gmt":"2021-03-04T10:00:00","guid":{"rendered":"https:\/\/linitiative.ca\/International\/mouassa-seclipse-abbes-sannonce\/"},"modified":"2021-03-04T05:00:00","modified_gmt":"2021-03-04T10:00:00","slug":"mouassa-seclipse-abbes-sannonce","status":"publish","type":"post","link":"https:\/\/linitiative.ca\/International\/mouassa-seclipse-abbes-sannonce\/","title":{"rendered":"Mouassa s\u2019\u00e9clipse, Abb\u00e8s s\u2019annonce"},"content":{"rendered":"<p>La direction de l&rsquo;ASM Oran s&rsquo;est dite hier \u00absurprise\u00bb par le d\u00e9part pr\u00e9matur\u00e9 de son entra\u00eeneur Kamel Mouassa qui aurait rejoint l&rsquo;USM Blida (Ligue 2). Une source autoris\u00e9e au sein du club oranais a fait savoir \u00e0 l&rsquo;APS que le technicien, qui avait rejoint la formation de M&rsquo;dina-Jdida peu avant le d\u00e9but du Championnat de la Ligue 2 le 12 f\u00e9vrier dernier, avait \u00abdirig\u00e9 normalement\u00bb la s\u00e9ance d\u2019entra\u00eenement de mardi, avant qu&rsquo;il ne quitte Oran pour rallier la ville de Blida o\u00f9 il se serait engag\u00e9 avec l\u2019\u00e9quipe locale qui \u00e9volue dans le m\u00eame palier. Mouassa a dirig\u00e9 ses joueurs lors des trois premi\u00e8res rencontres de l\u2019ASMO \u00e0 partir des tribunes, puisqu\u2019il ne s&rsquo;est pas fait d\u00e9livrer sa licence en raison de la non-signature de son contrat, rappelle-t-on. Un diff\u00e9rend financier entre le coach et la direction oranaise a forc\u00e9 les deux parties \u00e0 repousser \u00e0 plusieurs reprises la signature dudit contrat. Une situation qui aurait \u00e9t\u00e9 mise \u00e0 profit par l\u2019USMB pour convaincre Mouassa de prendre les commandes de son \u00e9quipe, a encore estim\u00e9 la m\u00eame source. Dans les milieux de la deuxi\u00e8me formation phare de la capitale de l\u2019ouest du pays, l\u2019on \u00e9voque d\u00e9j\u00e0 le nom du technicien Aziz Abb\u00e8s pour succ\u00e9der \u00e0 Mouassa.<\/p>\n<p>Auteur:<br \/>\n<a href=\"https:\/\/www.lesoirdalgerie.com\/sports\/mouassa-seclipse-abbes-sannonce-57346\">Cliquez ici pour lire l&rsquo;article depuis sa source.<\/a><\/p>\n","protected":false},"excerpt":{"rendered":"<p>La direction de l&rsquo;ASM Oran s&rsquo;est dite hier \u00absurprise\u00bb par le d\u00e9part pr\u00e9matur\u00e9 de son entra\u00eeneur Kamel Mouassa qui aurait rejoint l&rsquo;USM Blida (Ligue 2). Une source autoris\u00e9e au sein du club oranais a fait savoir \u00e0 l&rsquo;APS que le technicien, qui avait rejoint la formation de M&rsquo;dina-Jdida peu avant le d\u00e9but du Championnat de [&hellip;]<\/p>\n","protected":false},"author":1741,"featured_media":0,"comment_status":"closed","ping_status":"closed","sticky":false,"template":"","format":"standard","meta":{"fifu_image_url":"","fifu_image_alt":"","footnotes":""},"categories":[73,53],"tags":[],"class_list":["post-112489","post","type-post","status-publish","format-standard","hentry","category-actualite","category-algerie"],"_links":{"self":[{"href":"https:\/\/linitiative.ca\/International\/wp-json\/wp\/v2\/posts\/112489","targetHints":{"allow":["GET"]}}],"collection":[{"href":"https:\/\/linitiative.ca\/International\/wp-json\/wp\/v2\/posts"}],"about":[{"href":"https:\/\/linitiative.ca\/International\/wp-json\/wp\/v2\/types\/post"}],"author":[{"embeddable":true,"href":"https:\/\/linitiative.ca\/International\/wp-json\/wp\/v2\/users\/1741"}],"replies":[{"embeddable":true,"href":"https:\/\/linitiative.ca\/International\/wp-json\/wp\/v2\/comments?post=112489"}],"version-history":[{"count":0,"href":"https:\/\/linitiative.ca\/International\/wp-json\/wp\/v2\/posts\/112489\/revisions"}],"wp:attachment":[{"href":"https:\/\/linitiative.ca\/International\/wp-json\/wp\/v2\/media?parent=112489"}],"wp:term":[{"taxonomy":"category","embeddable":true,"href":"https:\/\/linitiative.ca\/International\/wp-json\/wp\/v2\/categories?post=112489"},{"taxonomy":"post_tag","embeddable":true,"href":"https:\/\/linitiative.ca\/International\/wp-json\/wp\/v2\/tags?post=112489"}],"curies":[{"name":"wp","href":"https:\/\/api.w.org\/{rel}","templated":true}]}}