{"id":112494,"date":"2021-03-04T15:10:58","date_gmt":"2021-03-04T20:10:58","guid":{"rendered":"https:\/\/linitiative.ca\/International\/la-productivite-du-tunisien-est-inferieure-de-52-au-seuil-mondial-leducation-en-cause\/"},"modified":"2021-03-04T15:10:58","modified_gmt":"2021-03-04T20:10:58","slug":"la-productivite-du-tunisien-est-inferieure-de-52-au-seuil-mondial-leducation-en-cause","status":"publish","type":"post","link":"https:\/\/linitiative.ca\/International\/la-productivite-du-tunisien-est-inferieure-de-52-au-seuil-mondial-leducation-en-cause\/","title":{"rendered":"La productivit\u00e9 du tunisien est inf\u00e9rieure de 52% au seuil mondial, l\u2019\u00e9ducation en cause"},"content":{"rendered":"<div class=\"post-cont-in left relative\">\n<div id=\"post-info-wrap\" class=\"left relative post-info-out\">\n<div class=\"post-info-img left relative\"><img loading=\"lazy\" decoding=\"async\" alt=\"\" src=\"https:\/\/secure.gravatar.com\/avatar\/b658f27b24160a89d557421a966e5ca1?s=50&amp;d=mm&amp;r=g\" srcset=\"https:\/\/secure.gravatar.com\/avatar\/b658f27b24160a89d557421a966e5ca1?s=100&amp;d=mm&amp;r=g 2x\" class=\"avatar avatar-50 photo\" height=\"50\" width=\"50\"\/><\/div>\n<div class=\"post-info-in\">\n<div class=\"post-info-right left relative post-info-name left relative\"><span><span class=\"post-info-text\">Par<\/span> <span class=\"author-name vcard fn author\"><a href=\"https:\/\/www.tunisienumerique.com\/author\/htb\/\" title=\"Articles par Mohamed Ben Abderrazek\" rel=\"author\">Mohamed Ben Abderrazek<\/a><\/span><\/span> <span class=\"post-date updated\"><time class=\"post-date updated\" datetime=\"2021-03-04\">\u00a0| Il y a 1 heure<\/time><\/span><br \/>\n<meta itemprop=\"dateModified\" content=\"2021-03-04\"\/><\/div>\n<div class=\"left relative\"><button id=\"listenButton1\" class=\"responsivevoice-button\" type=\"button\" value=\"Play\" title=\"\u00c9coutez l'article\"><span>\ud83d\udd0a \u00c9coutez l&rsquo;article<\/span><\/button>\n<\/div>\n<\/div>\n<\/div>\n<p>L\u2019institut tunisien de la comp\u00e9titivit\u00e9 et des \u00e9tudes quantitatives (ITCEQ) s\u2019est int\u00e9ress\u00e9 dans une note, publi\u00e9e r\u00e9cemment, aux enjeux du d\u00e9veloppement du capital humain en Tunisie, consid\u00e9r\u00e9 par toutes les th\u00e9ories \u00e9conomiques comme \u00e9tant la clef d\u2019une plus grande productivit\u00e9, d\u2019une meilleure croissance \u00e9conomique et comme \u00e9tant un moyen pour am\u00e9liorer les niveaux du revenu, dotant l\u2019\u00e9conomie nationale d\u2019une capacit\u00e9 d\u2019adaptation face aux al\u00e9as du march\u00e9.<\/p>\n<div class=\"code-block code-block-1 c4\">\n <ins class=\"adsbygoogle c3\" data-ad-layout=\"in-article\" data-ad-format=\"fluid\" data-ad-client=\"ca-pub-2102118777505746\" data-ad-slot=\"7301775417\"\/>\n<\/div>\n<p>Ce but ne peut \u00eatre atteint, d\u2019apr\u00e8s l\u2019institut que gr\u00e2ce \u00e0 des\u00a0 investissements cons\u00e9quents dans l\u2019enseignement, pour d\u00e9velopper un syst\u00e8me \u00e9ducatif performant et de qualit\u00e9. Ainsi, le principal d\u00e9fi futur de la Tunisie serait de replacer au centre, sa vision politique relative au capital humain dans une perspective \u00e9conomique plus large.<\/p>\n<p>Le travail de l\u2019ITCEQ a \u00e9t\u00e9 pr\u00e9sent\u00e9 en tant qu\u2019essai d\u2019analyse du niveau du capital humain en Tunisie \u00e0 travers l\u2019indice : \u00ab Indicateur du capital humain \u00bb. L\u2019institut a mis en avant, dans son travail, les composantes et les pistes d\u2019am\u00e9lioration de cet indicateur, pour que dans un monde marqu\u00e9 par une concurrence rude, la Tunisie puisse rehausser sa productivit\u00e9 et mieux s\u2019int\u00e9grer ainsi dans l\u2019\u00e9conomie du savoir et de la connaissance.<\/p>\n<p>En revanche, il a \u00e9t\u00e9 rappel\u00e9 de prime abord qu\u2019en Tunisie, un enfant n\u00e9 aujourd\u2019hui pr\u00e9sentera \u00e0 l\u2019\u00e2ge adulte une productivit\u00e9 inf\u00e9rieure \u00e0 48% compar\u00e9e \u00e0 celle qu\u2019il aurait pu atteindre, soit un gap de productivit\u00e9 par rapport au seuil moyen mondial de 52%. C\u2019est le constat amer d\u00e9voil\u00e9 par l\u2019indice de capital humain de l\u2019ann\u00e9e 2020, \u00e9labor\u00e9 par la Banque Mondiale.<\/p>\n<p>\u00c9galement, en 2020, l\u2019ICH tunisien est inf\u00e9rieur \u00e0 la moyenne des pays \u00e0 revenu moyen-sup\u00e9rieur, le d\u00e9tail de l\u2019indicateur montre que la Tunisie affiche des scores acceptables au niveau des deux composantes \u00ab Survie \u00bb et \u00ab Sant\u00e9 \u00bb. Par ailleurs au niveau de la composante \u00ab scolarit\u00e9 \u00bb, la Tunisie accuse un d\u00e9ficit \u00e9norme.<\/p>\n<p>En fait, l\u2019analyse de l\u2019ICH en Tunisie montre que le syst\u00e8me \u00e9ducatif national affiche une performance n\u00e9gative et que cette situation risque de s\u2019aggraver avec la perturbation du rythme de travail des \u00e9tablissements scolaires \u00e0 la suite de la pand\u00e9mie de la COVID-19.<\/p>\n<div class=\"swp_social_panel swp_horizontal_panel swp_flat_fresh swp_default_full_color swp_individual_full_color swp_other_full_color scale-100 scale-\" data-min-width=\"1100\" data-float-color=\"#ffffff\" data-float=\"bottom\" data-float-mobile=\"bottom\" data-transition=\"slide\">\n<div class=\"nc_tweetContainer swp_share_button total_shares total_sharesalt\"><span class=\"swp_count\">150 <span class=\"swp_label\">Partages<\/span><\/span><\/div>\n<\/div>\n<p><strong>Que se passe-t-il en Tunisie?<\/strong><br \/>Nous expliquons sur notre <a href=\"https:\/\/www.youtube.com\/channel\/UCRzypVq0B_yBad5eGrwBx0Q?sub_confirmation=1\" target=\"_blank\" rel=\"noopener\">cha\u00eene YouTube<\/a> . <a href=\"https:\/\/www.youtube.com\/channel\/UCRzypVq0B_yBad5eGrwBx0Q?sub_confirmation=1\" target=\"_blank\" rel=\"noopener\">Abonnez-vous!<\/a><\/p>\n<div class=\"mvp-org-wrap\" itemprop=\"publisher\">\n<div class=\"mvp-org-logo\" itemprop=\"logo\"><img decoding=\"async\" src=\"https:\/\/www.tunisienumerique.com\/wp-content\/uploads\/2017\/02\/logo_tunisie_numerique.png\"\/><br \/>\n<meta itemprop=\"url\" content=\"https:\/\/www.tunisienumerique.com\/wp-content\/uploads\/2017\/02\/logo_tunisie_numerique.png\"\/><\/div>\n<p><meta content=\"Tunisie Num\u00e9rique\"\/><\/div>\n<div class=\"mvp-related-posts left relative\">\n<h4 class=\"post-header\"><span class=\"post-header\">Lire aussi<\/span><\/h4>\n<\/div>\n<div id=\"article-ad\">\n <ins class=\"adsbygoogle c5\" data-ad-client=\"ca-pub-2102118777505746\" data-ad-slot=\"6513972734\" data-ad-format=\"auto\" data-full-width-responsive=\"true\"\/>\n<\/div>\n<\/div>\n<div id=\"post-sidebar-wrap\">\n <ins class=\"adsbygoogle c5\" data-ad-client=\"ca-pub-2102118777505746\" data-ad-slot=\"6168283410\" data-ad-format=\"auto\" data-full-width-responsive=\"true\"\/>\n<\/div>\n<p>Auteur: Mohamed Ben Abderrazek<br \/>\n<a href=\"https:\/\/www.tunisienumerique.com\/la-productivite-du-tunisien-est-inferieure-de-52-au-seuil-mondial-leducation-en-cause\/\">Cliquez ici pour lire l&rsquo;article depuis sa source.<\/a><\/p>\n","protected":false},"excerpt":{"rendered":"<p>Par Mohamed Ben Abderrazek \u00a0| Il y a 1 heure \ud83d\udd0a \u00c9coutez l&rsquo;article L\u2019institut tunisien de la comp\u00e9titivit\u00e9 et des \u00e9tudes quantitatives (ITCEQ) s\u2019est int\u00e9ress\u00e9 dans une note, publi\u00e9e r\u00e9cemment, aux enjeux du d\u00e9veloppement du capital humain en Tunisie, consid\u00e9r\u00e9 par toutes les th\u00e9ories \u00e9conomiques comme \u00e9tant la clef d\u2019une plus grande productivit\u00e9, d\u2019une meilleure [&hellip;]<\/p>\n","protected":false},"author":1789,"featured_media":0,"comment_status":"closed","ping_status":"closed","sticky":false,"template":"","format":"standard","meta":{"fifu_image_url":"https:\/\/secure.gravatar.com\/avatar\/b658f27b24160a89d557421a966e5ca1?s=50&d=mm&r=g","fifu_image_alt":"La productivit\u00e9 du tunisien est inf\u00e9rieure de 52% au seuil mondial, l\u2019\u00e9ducation en cause","footnotes":""},"categories":[73,55],"tags":[],"class_list":["post-112494","post","type-post","status-publish","format-standard","hentry","category-actualite","category-tunisie"],"_links":{"self":[{"href":"https:\/\/linitiative.ca\/International\/wp-json\/wp\/v2\/posts\/112494","targetHints":{"allow":["GET"]}}],"collection":[{"href":"https:\/\/linitiative.ca\/International\/wp-json\/wp\/v2\/posts"}],"about":[{"href":"https:\/\/linitiative.ca\/International\/wp-json\/wp\/v2\/types\/post"}],"author":[{"embeddable":true,"href":"https:\/\/linitiative.ca\/International\/wp-json\/wp\/v2\/users\/1789"}],"replies":[{"embeddable":true,"href":"https:\/\/linitiative.ca\/International\/wp-json\/wp\/v2\/comments?post=112494"}],"version-history":[{"count":0,"href":"https:\/\/linitiative.ca\/International\/wp-json\/wp\/v2\/posts\/112494\/revisions"}],"wp:attachment":[{"href":"https:\/\/linitiative.ca\/International\/wp-json\/wp\/v2\/media?parent=112494"}],"wp:term":[{"taxonomy":"category","embeddable":true,"href":"https:\/\/linitiative.ca\/International\/wp-json\/wp\/v2\/categories?post=112494"},{"taxonomy":"post_tag","embeddable":true,"href":"https:\/\/linitiative.ca\/International\/wp-json\/wp\/v2\/tags?post=112494"}],"curies":[{"name":"wp","href":"https:\/\/api.w.org\/{rel}","templated":true}]}}