{"id":112495,"date":"2021-03-04T16:06:05","date_gmt":"2021-03-04T21:06:05","guid":{"rendered":"https:\/\/linitiative.ca\/International\/tunisie-don-de-vaccins-tout-le-monde-crie-au-scandale-sauf-que-le-scandale-est-ailleurs\/"},"modified":"2021-03-04T16:06:05","modified_gmt":"2021-03-04T21:06:05","slug":"tunisie-don-de-vaccins-tout-le-monde-crie-au-scandale-sauf-que-le-scandale-est-ailleurs","status":"publish","type":"post","link":"https:\/\/linitiative.ca\/International\/tunisie-don-de-vaccins-tout-le-monde-crie-au-scandale-sauf-que-le-scandale-est-ailleurs\/","title":{"rendered":"Tunisie \u2013 Don de vaccins\u00a0: Tout le monde crie au scandale\u2026 Sauf que le scandale est ailleurs"},"content":{"rendered":"<div class=\"post-cont-in left relative\">\n<div id=\"post-info-wrap\" class=\"left relative post-info-out\">\n<div class=\"post-info-img left relative\"><img loading=\"lazy\" decoding=\"async\" alt=\"\" src=\"https:\/\/secure.gravatar.com\/avatar\/96253f4a657b482a18e837c1252096c2?s=50&amp;d=mm&amp;r=g\" srcset=\"https:\/\/secure.gravatar.com\/avatar\/96253f4a657b482a18e837c1252096c2?s=100&amp;d=mm&amp;r=g 2x\" class=\"avatar avatar-50 photo\" height=\"50\" width=\"50\"\/><\/div>\n<div class=\"post-info-in\">\n<div class=\"post-info-right left relative post-info-name left relative\"><span><span class=\"post-info-text\">Par<\/span> <span class=\"author-name vcard fn author\"><a href=\"https:\/\/www.tunisienumerique.com\/author\/saber\/\" title=\"Articles par Saber .\" rel=\"author\">Saber .<\/a><\/span><\/span> <span class=\"post-date updated\"><time class=\"post-date updated\" datetime=\"2021-03-04\">\u00a0| Il y a 31 minutes<\/time><\/span><br \/>\n<meta itemprop=\"dateModified\" content=\"2021-03-04\"\/><\/div>\n<div class=\"left relative\"><button id=\"listenButton1\" class=\"responsivevoice-button\" type=\"button\" value=\"Play\" title=\"\u00c9coutez l'article\"><span>\ud83d\udd0a \u00c9coutez l&rsquo;article<\/span><\/button>\n<\/div>\n<\/div>\n<\/div>\n<p>Elle est sur toutes les bouches, et meuble tous les salons,\u00a0 et tous les plateaux TV. Elle est utilis\u00e9e par toutes les parties politiques qui entendent l\u2019exploiter pour r\u00e9gler leurs comptes aux autres\u2026<\/p>\n<div class=\"code-block code-block-1 c4\">\n <ins class=\"adsbygoogle c3\" data-ad-layout=\"in-article\" data-ad-format=\"fluid\" data-ad-client=\"ca-pub-2102118777505746\" data-ad-slot=\"7301775417\"\/>\n<\/div>\n<p>Elle, c\u2019est l\u2019affaire du don de doses de vaccin par les Emirats \u00e0 la pr\u00e9sidence de la R\u00e9publique. Cette affaire n\u2019a pas cess\u00e9 de faire couler de l\u2019encre et de la salive. On critique de partout\u2026 On accuse tous les autres de traitrise\u2026 On parle d\u2019humiliation\u2026 On parle d\u2019affaire de s\u00fbret\u00e9 d\u2019Etat\u2026 Tout le monde s\u2019acharne sur tout le monde\u2026 Et tout \u00e7\u00e0, au grand plaisir d\u2019une personne \u00e0 qui cette affaire profite comme un filon d\u2019or. Cette personne c\u2019est, forc\u00e9ment, le ministre de la sant\u00e9. Trop content qu\u2019on l\u2019oublie un peu et qu\u2019on verse sa col\u00e8re sur quelqu\u2019un d\u2019autre, puisqu\u2019on semble oublier, le temps de s\u2019entretuer, que c\u2019est, bien, lui, le premier responsable de cette affaire, de ce scandale, de cette humiliation\u2026 De tout ce qui se passe autour des vaccins.<\/p>\n<p>En effet, tout obnubil\u00e9s par l\u2019acharnement sur ceux qui ont fait le don, ceux qui l\u2019ont accept\u00e9, ceux qui l\u2019ont fait savoir, ou ceux qui sont en train de surfer dessus, tout le monde semble oublier que si on en est l\u00e0, si on est humili\u00e9s et si on est r\u00e9duits \u00e0 mendier quelques doses de vaccin, par-ci, par-l\u00e0, c\u2019est bien par la faute du ministre de la sant\u00e9, et \u00e0 cause de son incapacit\u00e9 \u00e0 se procurer les vaccins pour la Tunisie. Tout le monde semble oublier que c\u2019est une premi\u00e8re que la Tunisie se retrouve \u00e0 la traine de tous les pays, alors qu\u2019elle a, toujours, \u00e9t\u00e9 pionni\u00e8re dans ces affaires.<\/p>\n<p>N\u2019est-il pas temps de mettre un terme \u00e0 ce supplice de toute une population\u00a0? N\u2019est-il pas temps pour demander des comptes \u00e0 ce ministre incomp\u00e9tent, ainsi qu\u2019\u00e0 son \u00e9quipe d\u2019incapables\u00a0?<\/p>\n<p>Il vaudrait mieux laisser tomber le probl\u00e8me des Emirats, ou de l\u2019axe qui y est oppos\u00e9, et laisser leurs querelles aux politiques. Ce qui importe le tunisien, en ce moment, ce n\u2019est, certainement, pas la guerre de positionnement des axes, ou l\u2019alignement de nos \u00e9minents politiques derri\u00e8re l\u2019un ou l\u2019autre. Ce qui importe le tunisien, en ce moment, c\u2019est de savoir quand il va pouvoir se faire vacciner. Car, contrairement \u00e0 ce que d\u2019aucuns pr\u00e9tendent, le tunisien va se faire vacciner. Et s\u2019il n\u2019en est pas convaincu, pour n\u2019importe quelle raison, il va devoir, quand m\u00eame, le faire, pour l\u2019int\u00e9r\u00eat de tout le monde, et pour l\u2019int\u00e9r\u00eat du pays, qui ne pourra jamais reprendre son bonhomme de petit chemin, tant que sa population n\u2019a pas \u00e9t\u00e9 vaccin\u00e9e\u00a0! Et sans vaccination, il n\u2019y aura ni reprise du tourisme, ni retour des investisseurs, ni, m\u00eame l\u2019obtention de cr\u00e9dits de la part des bailleurs de fonds\u2026 Et \u00e7\u00e0 serait \u00ab\u00a0LA FIN\u00a0\u00bb\u00a0!<\/p>\n<div class=\"swp_social_panel swp_horizontal_panel swp_flat_fresh swp_default_full_color swp_individual_full_color swp_other_full_color scale-100 scale-\" data-min-width=\"1100\" data-float-color=\"#ffffff\" data-float=\"bottom\" data-float-mobile=\"bottom\" data-transition=\"slide\">\n<div class=\"nc_tweetContainer swp_share_button total_shares total_sharesalt\"><span class=\"swp_count\">0 <span class=\"swp_label\">Partages<\/span><\/span><\/div>\n<\/div>\n<p><strong>Que se passe-t-il en Tunisie?<\/strong><br \/>Nous expliquons sur notre <a href=\"https:\/\/www.youtube.com\/channel\/UCRzypVq0B_yBad5eGrwBx0Q?sub_confirmation=1\" target=\"_blank\" rel=\"noopener\">cha\u00eene YouTube<\/a> . <a href=\"https:\/\/www.youtube.com\/channel\/UCRzypVq0B_yBad5eGrwBx0Q?sub_confirmation=1\" target=\"_blank\" rel=\"noopener\">Abonnez-vous!<\/a><\/p>\n<div class=\"mvp-org-wrap\" itemprop=\"publisher\">\n<div class=\"mvp-org-logo\" itemprop=\"logo\"><img decoding=\"async\" src=\"https:\/\/www.tunisienumerique.com\/wp-content\/uploads\/2017\/02\/logo_tunisie_numerique.png\"\/><br \/>\n<meta itemprop=\"url\" content=\"https:\/\/www.tunisienumerique.com\/wp-content\/uploads\/2017\/02\/logo_tunisie_numerique.png\"\/><\/div>\n<p><meta content=\"Tunisie Num\u00e9rique\"\/><\/div>\n<div class=\"mvp-related-posts left relative\">\n<h4 class=\"post-header\"><span class=\"post-header\">Lire aussi<\/span><\/h4>\n<\/div>\n<div id=\"article-ad\">\n <ins class=\"adsbygoogle c5\" data-ad-client=\"ca-pub-2102118777505746\" data-ad-slot=\"6513972734\" data-ad-format=\"auto\" data-full-width-responsive=\"true\"\/>\n<\/div>\n<\/div>\n<div id=\"post-sidebar-wrap\">\n <ins class=\"adsbygoogle c5\" data-ad-client=\"ca-pub-2102118777505746\" data-ad-slot=\"6168283410\" data-ad-format=\"auto\" data-full-width-responsive=\"true\"\/>\n<\/div>\n<p>Auteur: Saber .<br \/>\n<a href=\"https:\/\/www.tunisienumerique.com\/tunisie-don-de-vaccins-tout-le-monde-crie-au-scandale-sauf-que-le-scandale-est-ailleurs\/\">Cliquez ici pour lire l&rsquo;article depuis sa source.<\/a><\/p>\n","protected":false},"excerpt":{"rendered":"<p>Par Saber . \u00a0| Il y a 31 minutes \ud83d\udd0a \u00c9coutez l&rsquo;article Elle est sur toutes les bouches, et meuble tous les salons,\u00a0 et tous les plateaux TV. Elle est utilis\u00e9e par toutes les parties politiques qui entendent l\u2019exploiter pour r\u00e9gler leurs comptes aux autres\u2026 Elle, c\u2019est l\u2019affaire du don de doses de vaccin par [&hellip;]<\/p>\n","protected":false},"author":1789,"featured_media":0,"comment_status":"closed","ping_status":"closed","sticky":false,"template":"","format":"standard","meta":{"fifu_image_url":"https:\/\/secure.gravatar.com\/avatar\/96253f4a657b482a18e837c1252096c2?s=50&d=mm&r=g","fifu_image_alt":"Tunisie \u2013 Don de vaccins\u00a0: Tout le monde crie au scandale\u2026 Sauf que le scandale est ailleurs","footnotes":""},"categories":[73,55],"tags":[],"class_list":["post-112495","post","type-post","status-publish","format-standard","hentry","category-actualite","category-tunisie"],"_links":{"self":[{"href":"https:\/\/linitiative.ca\/International\/wp-json\/wp\/v2\/posts\/112495","targetHints":{"allow":["GET"]}}],"collection":[{"href":"https:\/\/linitiative.ca\/International\/wp-json\/wp\/v2\/posts"}],"about":[{"href":"https:\/\/linitiative.ca\/International\/wp-json\/wp\/v2\/types\/post"}],"author":[{"embeddable":true,"href":"https:\/\/linitiative.ca\/International\/wp-json\/wp\/v2\/users\/1789"}],"replies":[{"embeddable":true,"href":"https:\/\/linitiative.ca\/International\/wp-json\/wp\/v2\/comments?post=112495"}],"version-history":[{"count":0,"href":"https:\/\/linitiative.ca\/International\/wp-json\/wp\/v2\/posts\/112495\/revisions"}],"wp:attachment":[{"href":"https:\/\/linitiative.ca\/International\/wp-json\/wp\/v2\/media?parent=112495"}],"wp:term":[{"taxonomy":"category","embeddable":true,"href":"https:\/\/linitiative.ca\/International\/wp-json\/wp\/v2\/categories?post=112495"},{"taxonomy":"post_tag","embeddable":true,"href":"https:\/\/linitiative.ca\/International\/wp-json\/wp\/v2\/tags?post=112495"}],"curies":[{"name":"wp","href":"https:\/\/api.w.org\/{rel}","templated":true}]}}