{"id":112500,"date":"2021-03-04T05:37:04","date_gmt":"2021-03-04T10:37:04","guid":{"rendered":"https:\/\/linitiative.ca\/International\/vaccins-contre-la-covid-19-cuba-a-debute-la-production-industrielle\/"},"modified":"2021-03-04T05:37:04","modified_gmt":"2021-03-04T10:37:04","slug":"vaccins-contre-la-covid-19-cuba-a-debute-la-production-industrielle","status":"publish","type":"post","link":"https:\/\/linitiative.ca\/International\/vaccins-contre-la-covid-19-cuba-a-debute-la-production-industrielle\/","title":{"rendered":"Vaccins contre la Covid-19: Cuba a d\u00e9but\u00e9 la production industrielle"},"content":{"rendered":"<div class=\"td-post-featured-image\"><a href=\"https:\/\/www.sidwaya.info\/wp-content\/uploads\/2021\/03\/f0019379.jpg\" data-caption=\"\"><img loading=\"lazy\" decoding=\"async\" width=\"680\" height=\"380\" class=\"entry-thumb td-modal-image\" src=\"https:\/\/www.sidwaya.info\/wp-content\/uploads\/2021\/03\/f0019379.jpg\" srcset=\"https:\/\/www.sidwaya.info\/wp-content\/uploads\/2021\/03\/f0019379.jpg 680w, https:\/\/www.sidwaya.info\/wp-content\/uploads\/2021\/03\/f0019379-300x168.jpg 300w, https:\/\/www.sidwaya.info\/wp-content\/uploads\/2021\/03\/f0019379-150x84.jpg 150w\" sizes=\"auto, (max-width: 680px) 100vw, 680px\" alt=\"\" title=\"f0019379\"\/><\/a><\/div>\n<p><strong>Selon une information relay\u00e9e par les m\u00e9dias cubains, la production de ses candidats vaccins Soberana 02 et Abdala (cigb-66), deux des quatre mis au point dans l\u2019\u00ccle pour lutter contre la covid-19, et le processus a bien d\u00e9marr\u00e9 dans les installations appartenant \u00e0 au Groupe d\u2019entreprises BioCubaFarma.<\/strong><\/p>\n<p>Cuba a d\u00e9marr\u00e9 la production industrielle de deux ses vaccins que sont le Soberana 02 et Abdala (cigb-66) contre la Covid-19. <em>\u00ab Nous avons intensifi\u00e9 le processus de conjugaison de Soberana 02 et nous avons r\u00e9ussi \u00e0 fabriquer un lot de 150 000 doses dont nous tirons une grande satisfaction et qui marque un jalon scientifique et technique important pour le pays \u00bb,<\/em> a indiqu\u00e9 le directeur de l\u2019Institut Finlay des vaccins ,Dr Vicente V\u00e9rez Bencomo, lors d\u2019une rencontre avec le pr\u00e9sident de la r\u00e9publique. L\u2019information a \u00e9t\u00e9 rapport\u00e9e par la t\u00e9l\u00e9vision nationale cubaine. Dr Vicente V\u00e9rez Bencomo a pr\u00e9cis\u00e9 que le deuxi\u00e8me lot est en cours de production et d\u2019ajouter qu\u2019<em>\u00ab\u00a0il y a une bonne raison d\u2019esp\u00e9rer\u00a0\u00bb.<\/em> De son c\u00f4t\u00e9, la directrice des op\u00e9rations du Groupe BioCubaFarma, Rita Maria Garcia, a inform\u00e9 le site Gramma que les premiers lots fabriqu\u00e9s \u00e0 grande \u00e9chelle seront bient\u00f4t utilis\u00e9s dans les \u00e9tudes cliniques de phase iii des deux candidats-vaccins. Soberana 02 est un produit innovant mis au point \u00e0 l\u2019Institut Finlay des vaccins, dont la nouveaut\u00e9 r\u00e9side dans le fait qu\u2019il s\u2019agit d\u2019un vaccin conjugu\u00e9, dans lequel l\u2019antig\u00e8ne du virus est chimiquement li\u00e9 \u00e0 l\u2019anatoxine t\u00e9tanique, tandis que le candidat-vaccin Abdala a \u00e9t\u00e9 con\u00e7u au centre de g\u00e9nie g\u00e9n\u00e9tique et de biotechnologie (cigb).<img decoding=\"async\" loading=\"lazy\" class=\"alignleft size-full wp-image-33054\" src=\"https:\/\/www.sidwaya.info\/wp-content\/uploads\/2021\/03\/National-Flag-of-Cuba.png\" alt=\"\" width=\"704\" height=\"422\" srcset=\"https:\/\/www.sidwaya.info\/wp-content\/uploads\/2021\/03\/National-Flag-of-Cuba.png 704w, https:\/\/www.sidwaya.info\/wp-content\/uploads\/2021\/03\/National-Flag-of-Cuba-300x180.png 300w, https:\/\/www.sidwaya.info\/wp-content\/uploads\/2021\/03\/National-Flag-of-Cuba-150x90.png 150w, https:\/\/www.sidwaya.info\/wp-content\/uploads\/2021\/03\/National-Flag-of-Cuba-696x417.png 696w, https:\/\/www.sidwaya.info\/wp-content\/uploads\/2021\/03\/National-Flag-of-Cuba-701x420.png 701w\" sizes=\"auto, (max-width: 704px) 100vw, 704px\"\/> En rappel, Cuba poss\u00e8de une longue exp\u00e9rience dans le d\u00e9veloppement et la production de vaccins. Actuellement, l\u2019industrie biopharmaceutique nationale fabrique huit des onze vaccins utilis\u00e9s dans le cadre du programme \u00e9largi de vaccination, ce qui a permis d\u2019atteindre une couverture vaccinale proche de 100 % dans le pays, avec un impact significatif sur l\u2019\u00e9radication de plusieurs maladies infectieuses et une r\u00e9duction du taux d\u2019incidence d\u2019autres maladies.<\/p>\n<p><strong>\u00a0Karim BADOLO<\/strong><\/p>\n<p><strong>Source\u00a0: Gramma<\/strong><\/p>\n<div class=\"td-a-rec td-a-rec-id-content_bottom tdi_33_6c4 td_block_template_1\">\n<p><img loading=\"lazy\" decoding=\"async\" class=\"aligncenter size-full wp-image-27454\" src=\"https:\/\/www.sidwaya.info\/wp-content\/uploads\/2020\/10\/PUB-Bandeau-paiement-mobile-siteweb.jpg\" alt=\"\" width=\"728\" height=\"90\"\/><\/div>\n<p>Auteur: BS. Sidwaya<br \/>\n<a href=\"https:\/\/www.sidwaya.info\/blog\/2021\/03\/04\/vaccins-contre-la-covid-19-cuba-a-debute-la-production-industrielle\/\">Cliquez ici pour lire l&rsquo;article depuis sa source.<\/a><\/p>\n","protected":false},"excerpt":{"rendered":"<p>Selon une information relay\u00e9e par les m\u00e9dias cubains, la production de ses candidats vaccins Soberana 02 et Abdala (cigb-66), deux des quatre mis au point dans l\u2019\u00ccle pour lutter contre la covid-19, et le processus a bien d\u00e9marr\u00e9 dans les installations appartenant \u00e0 au Groupe d\u2019entreprises BioCubaFarma. Cuba a d\u00e9marr\u00e9 la production industrielle de deux [&hellip;]<\/p>\n","protected":false},"author":1816,"featured_media":0,"comment_status":"closed","ping_status":"closed","sticky":false,"template":"","format":"standard","meta":{"fifu_image_url":"https:\/\/www.sidwaya.info\/wp-content\/uploads\/2021\/03\/f0019379.jpg","fifu_image_alt":"Vaccins contre la Covid-19: Cuba a d\u00e9but\u00e9 la production industrielle","footnotes":""},"categories":[73,81],"tags":[],"class_list":["post-112500","post","type-post","status-publish","format-standard","hentry","category-actualite","category-burkina-faso"],"_links":{"self":[{"href":"https:\/\/linitiative.ca\/International\/wp-json\/wp\/v2\/posts\/112500","targetHints":{"allow":["GET"]}}],"collection":[{"href":"https:\/\/linitiative.ca\/International\/wp-json\/wp\/v2\/posts"}],"about":[{"href":"https:\/\/linitiative.ca\/International\/wp-json\/wp\/v2\/types\/post"}],"author":[{"embeddable":true,"href":"https:\/\/linitiative.ca\/International\/wp-json\/wp\/v2\/users\/1816"}],"replies":[{"embeddable":true,"href":"https:\/\/linitiative.ca\/International\/wp-json\/wp\/v2\/comments?post=112500"}],"version-history":[{"count":0,"href":"https:\/\/linitiative.ca\/International\/wp-json\/wp\/v2\/posts\/112500\/revisions"}],"wp:attachment":[{"href":"https:\/\/linitiative.ca\/International\/wp-json\/wp\/v2\/media?parent=112500"}],"wp:term":[{"taxonomy":"category","embeddable":true,"href":"https:\/\/linitiative.ca\/International\/wp-json\/wp\/v2\/categories?post=112500"},{"taxonomy":"post_tag","embeddable":true,"href":"https:\/\/linitiative.ca\/International\/wp-json\/wp\/v2\/tags?post=112500"}],"curies":[{"name":"wp","href":"https:\/\/api.w.org\/{rel}","templated":true}]}}