{"id":112501,"date":"2021-03-04T06:27:37","date_gmt":"2021-03-04T11:27:37","guid":{"rendered":"https:\/\/linitiative.ca\/International\/reconciliation-nationale-il-faut-que-nous-redigeons-un-nouveau-pacte-republicain-zephirin-diabre\/"},"modified":"2021-03-04T06:27:37","modified_gmt":"2021-03-04T11:27:37","slug":"reconciliation-nationale-il-faut-que-nous-redigeons-un-nouveau-pacte-republicain-zephirin-diabre","status":"publish","type":"post","link":"https:\/\/linitiative.ca\/International\/reconciliation-nationale-il-faut-que-nous-redigeons-un-nouveau-pacte-republicain-zephirin-diabre\/","title":{"rendered":"R\u00e9conciliation\u00a0nationale\u00a0: \u00ab\u00a0il faut que nous r\u00e9digeons un nouveau pacte\u00a0 r\u00e9publicain\u00a0\u00bb, Z\u00e9phirin Diabr\u00e9"},"content":{"rendered":"<div class=\"td-post-featured-image\"><a href=\"https:\/\/www.sidwaya.info\/wp-content\/uploads\/2021\/03\/zeph.jpg\" data-caption=\"\"><img loading=\"lazy\" decoding=\"async\" width=\"640\" height=\"517\" class=\"entry-thumb td-modal-image\" src=\"https:\/\/www.sidwaya.info\/wp-content\/uploads\/2021\/03\/zeph.jpg\" srcset=\"https:\/\/www.sidwaya.info\/wp-content\/uploads\/2021\/03\/zeph.jpg 640w, https:\/\/www.sidwaya.info\/wp-content\/uploads\/2021\/03\/zeph-300x242.jpg 300w, https:\/\/www.sidwaya.info\/wp-content\/uploads\/2021\/03\/zeph-150x121.jpg 150w, https:\/\/www.sidwaya.info\/wp-content\/uploads\/2021\/03\/zeph-520x420.jpg 520w\" sizes=\"auto, (max-width: 640px) 100vw, 640px\" alt=\"\" title=\"zeph\"\/><\/a><\/div>\n<p><strong>\u00a0<\/strong><strong>Le ministre d\u2019Etat, ministre aupr\u00e8s du pr\u00e9sident du Faso, charg\u00e9 de la r\u00e9conciliation nationale et de la coh\u00e9sion sociale a tenu une conf\u00e9rence de presse ce 4 mars 2021 au SIG pour parler de la r\u00e9conciliation nationale.<\/strong><\/p>\n<p>Face aux hommes de medias, le ministre d\u2019Etat Z\u00e9phirin Diabr\u00e9 \u00a0en charge de la r\u00e9conciliation nationale et de la coh\u00e9sion sociale, a d\u00e9clar\u00e9 : \u00ab le Triptyque-v\u00e9rit\u00e9-justice-r\u00e9conciliation notre boussole \u00bb. La r\u00e9conciliation est consid\u00e9r\u00e9e, dit-il, comme un processus et non un acte isol\u00e9. Et dans ce processus toutes les strat\u00e9gies seront examin\u00e9es y compris celles endog\u00e8nes. \u00ab Dans tout ce que nous serons amen\u00e9s \u00e0 faire, rien ne sera fait qui puisse apparaitre comme un crime a l\u2019impunit\u00e9 \u00bb, a pr\u00e9cis\u00e9 le ministre d\u2019Etat. Il se dit \u00eatre \u00a0dans l\u2019optique d\u2019organiser des concertations nationales, \u00a0repartir \u00e0 la base, \u00e9couter le peuple et recenser zone par zone, les conflits qui divisent les peuples. Quant au vivre ensemble, il pense qu\u2019il faut r\u00e9diger un nouveau pacte r\u00e9publicain qui sera adopt\u00e9 lors d\u2019un forum de\u00a0 r\u00e9conciliation nationale. Le Burkina est-il en train de n\u00e9gocier avec les terroristes ?\u00a0 \u00ab Nous ne n\u00e9gocions pas et nous ne n\u00e9gocierons pas avec les terroristes \u00bb, a-t-il r\u00e9pondu. En rappel, cette question de n\u00e9gociation avec les groupes arm\u00e9s, avait \u00e9t\u00e9 r\u00e9v\u00e9l\u00e9 par un journal\u00a0 de la place affirmant que dans les n\u00e9gociations, 29 terroristes ont \u00e9t\u00e9 lib\u00e9r\u00e9s par le Burkina. \u00a0\u00abIl est de notre devoir de ramener nos enfants \u00e0 la maison, c\u2019est \u00e7a qu\u2019on va faire, on peut n\u00e9gocier avec les jeunes qui se sont laiss\u00e9s manipuler \u00bb, a-t-il dit.<\/p>\n<p>B.S.<\/p>\n<div class=\"td-a-rec td-a-rec-id-content_bottom tdi_33_c4e td_block_template_1\">\n<p><img loading=\"lazy\" decoding=\"async\" class=\"aligncenter size-full wp-image-27454\" src=\"https:\/\/www.sidwaya.info\/wp-content\/uploads\/2020\/10\/PUB-Bandeau-paiement-mobile-siteweb.jpg\" alt=\"\" width=\"728\" height=\"90\"\/><\/div>\n<p>Auteur: BS. Sidwaya<br \/>\n<a href=\"https:\/\/www.sidwaya.info\/blog\/2021\/03\/04\/reconciliation-nationale-il-faut-que-nous-redigeons-un-nouveau-pacte-republicain-zephirin-diabre\/\">Cliquez ici pour lire l&rsquo;article depuis sa source.<\/a><\/p>\n","protected":false},"excerpt":{"rendered":"<p>\u00a0Le ministre d\u2019Etat, ministre aupr\u00e8s du pr\u00e9sident du Faso, charg\u00e9 de la r\u00e9conciliation nationale et de la coh\u00e9sion sociale a tenu une conf\u00e9rence de presse ce 4 mars 2021 au SIG pour parler de la r\u00e9conciliation nationale. Face aux hommes de medias, le ministre d\u2019Etat Z\u00e9phirin Diabr\u00e9 \u00a0en charge de la r\u00e9conciliation nationale et de [&hellip;]<\/p>\n","protected":false},"author":1816,"featured_media":0,"comment_status":"closed","ping_status":"closed","sticky":false,"template":"","format":"standard","meta":{"fifu_image_url":"https:\/\/www.sidwaya.info\/wp-content\/uploads\/2021\/03\/zeph.jpg","fifu_image_alt":"R\u00e9conciliation\u00a0nationale\u00a0: \u00ab\u00a0il faut que nous r\u00e9digeons un nouveau pacte\u00a0 r\u00e9publicain\u00a0\u00bb, Z\u00e9phirin Diabr\u00e9","footnotes":""},"categories":[73,81],"tags":[],"class_list":["post-112501","post","type-post","status-publish","format-standard","hentry","category-actualite","category-burkina-faso"],"_links":{"self":[{"href":"https:\/\/linitiative.ca\/International\/wp-json\/wp\/v2\/posts\/112501","targetHints":{"allow":["GET"]}}],"collection":[{"href":"https:\/\/linitiative.ca\/International\/wp-json\/wp\/v2\/posts"}],"about":[{"href":"https:\/\/linitiative.ca\/International\/wp-json\/wp\/v2\/types\/post"}],"author":[{"embeddable":true,"href":"https:\/\/linitiative.ca\/International\/wp-json\/wp\/v2\/users\/1816"}],"replies":[{"embeddable":true,"href":"https:\/\/linitiative.ca\/International\/wp-json\/wp\/v2\/comments?post=112501"}],"version-history":[{"count":0,"href":"https:\/\/linitiative.ca\/International\/wp-json\/wp\/v2\/posts\/112501\/revisions"}],"wp:attachment":[{"href":"https:\/\/linitiative.ca\/International\/wp-json\/wp\/v2\/media?parent=112501"}],"wp:term":[{"taxonomy":"category","embeddable":true,"href":"https:\/\/linitiative.ca\/International\/wp-json\/wp\/v2\/categories?post=112501"},{"taxonomy":"post_tag","embeddable":true,"href":"https:\/\/linitiative.ca\/International\/wp-json\/wp\/v2\/tags?post=112501"}],"curies":[{"name":"wp","href":"https:\/\/api.w.org\/{rel}","templated":true}]}}