{"id":112503,"date":"2021-03-04T10:18:03","date_gmt":"2021-03-04T15:18:03","guid":{"rendered":"https:\/\/linitiative.ca\/International\/legislatives-le-pdci-denonce-des-actes-de-vandalisme-dans-des-localites\/"},"modified":"2021-03-04T10:18:03","modified_gmt":"2021-03-04T15:18:03","slug":"legislatives-le-pdci-denonce-des-actes-de-vandalisme-dans-des-localites","status":"publish","type":"post","link":"https:\/\/linitiative.ca\/International\/legislatives-le-pdci-denonce-des-actes-de-vandalisme-dans-des-localites\/","title":{"rendered":"L\u00e9gislatives: le Pdci d\u00e9nonce des actes de vandalisme dans des localit\u00e9s"},"content":{"rendered":"<div readability=\"32\">\n<p>Publi\u00e9 le 04.03.2021 \u00e0 16h18 par APA News<\/p>\n<\/div>\n<div readability=\"101\">\n<p>Le Parti d\u00e9mocratique de C\u00f4te d\u2019Ivoire (Pdci, ex-alli\u00e9 au pouvoir) d\u00e9nonce des actes de vandalisme et des menaces visant ses militants et sa campagne pour l\u2019\u00e9lection l\u00e9gislative du 6 mars 2021, dans certains circonscriptions.<\/p>\n<p>\u00ab\u00a0Dans certaines localit\u00e9s, \u00e0 savoir Abobo, Toulepleu, Adjam\u00e9\u2026, des actes de vandalisme ont \u00e9t\u00e9 observ\u00e9s par endroits\u00a0\u00bb, a indiqu\u00e9 Niamkey Koffi, coordonnateur g\u00e9n\u00e9ral du comit\u00e9 de gestion et de suivi des \u00e9lections du 6 mars 2021 du Pdci, lors d\u2019une conf\u00e9rence de presse.<\/p>\n<p>Il a fait savoir que des affiches de candidats du Pdci ont \u00e9t\u00e9 d\u00e9chir\u00e9es par des individus, tandis que des candidats subissent des menaces pour emp\u00eacher le bon d\u00e9roulement de la campagne dans des localit\u00e9s.\u00a0<\/p>\n<p>Pour M. Niamkey Koffi, cela est \u00ab\u00a0en d\u00e9phasage avec la d\u00e9mocratie\u00a0\u00bb, car tous les candidats ont tous le m\u00eame droit, et autant les candidats du Rhdp (pouvoir) circulent, autant ceux de l\u2019opposition peuvent le faire.\u00a0<\/p>\n<p>\u00ab\u00a0Au regard de cette situation, le Pdci et EDS (Ensemble pour la souverainet\u00e9), par la voix de leurs leaders respectifs Henri Konan B\u00e9di\u00e9 et Laurent Gbagbo interpellent les autorit\u00e9s comp\u00e9tentes \u00e0 jouer leur r\u00f4le, car il y va de la s\u00e9curisation du scrutin\u00a0\u00bb, a-t-il dit.<\/p>\n<p>\u00ab\u00a0L\u2019opposition ivoirienne, consciente de sa majorit\u00e9 ne se laissera pas voler sa victoire. Nous ne nous laisserons pas intimider par les agissements des cadres du Rhdp et leurs sbires\u00a0\u00bb, a lanc\u00e9 M. Niamkey Koffi.<\/p>\n<p>L\u2019objectif de ces actes de vandalisme \u00ab\u00a0c\u2019est de faire en sorte que nos militants aient peur (\u2026). A Yopougon, on a eu un incident qui \u00e9tait isol\u00e9, un jeune qui partait coller nos affiches a \u00e9t\u00e9 d\u00e9coup\u00e9 \u00e0 la machette\u00a0\u00bb, a d\u00e9plor\u00e9 Augustin Dia Houphou\u00ebt, un candidat t\u00eate de liste du Pdci de cette circonscription. \u00a0<\/p>\n<p>Il a ajout\u00e9 que cela \u00ab\u00a0traumatise tous les \u00e9lecteurs\u00a0\u00bb, s\u2019inqui\u00e9tant que les violences reviennent \u00e0 la suite de ces joutes \u00e9lectorales via cette \u00ab\u00a0intimidation\u00a0\u00bb faite par leurs adversaires lors de la campagne l\u00e9gislative qui s\u2019ach\u00e8ve ce jeudi 4 mars 2021.<\/p>\n<p>Par ailleurs, M. Niamkey a attir\u00e9 l\u2019attention de la Commission \u00e9lectorale ind\u00e9pendante (CEI) sur le mode de scrutin, insinuant qu&rsquo;\u00a0\u00bbil est dit que sans la CNI (Carte nationale d\u2019identit\u00e9) ni carte d\u2019\u00e9lecteur toute personne inscrite peut accomplir son droit citoyen\u00a0\u00bb; une trouvaille qui laisse la porte ouverte \u00e0 la fraude.\u00a0<\/p>\n<p>\u00ab\u00a0Le Pdci et EDS appelle \u00e0 la vigilance et invite la CEI \u00e0 cr\u00e9er les conditions pour des \u00e9lections justes et \u00e9quitables\u00a0\u00bb, a d\u00e9clar\u00e9 M. Niamkey Koffi, lors de la conf\u00e9rence de presse qui s\u2019est tenue au dernier jour de la campagne ouverte depuis le 26 f\u00e9vrier 2021.<\/p>\n<\/div>\n<p>Auteur: APA News<br \/>\n<a href=\"https:\/\/www.journalducameroun.com\/legislatives-le-pdci-denonce-des-actes-de-vandalisme-dans-des-localites\/\">Cliquez ici pour lire l&rsquo;article depuis sa source.<\/a><\/p>\n","protected":false},"excerpt":{"rendered":"<p>Publi\u00e9 le 04.03.2021 \u00e0 16h18 par APA News Le Parti d\u00e9mocratique de C\u00f4te d\u2019Ivoire (Pdci, ex-alli\u00e9 au pouvoir) d\u00e9nonce des actes de vandalisme et des menaces visant ses militants et sa campagne pour l\u2019\u00e9lection l\u00e9gislative du 6 mars 2021, dans certains circonscriptions. \u00ab\u00a0Dans certaines localit\u00e9s, \u00e0 savoir Abobo, Toulepleu, Adjam\u00e9\u2026, des actes de vandalisme ont [&hellip;]<\/p>\n","protected":false},"author":1965,"featured_media":0,"comment_status":"closed","ping_status":"closed","sticky":false,"template":"","format":"standard","meta":{"fifu_image_url":"","fifu_image_alt":"","footnotes":""},"categories":[73,82],"tags":[],"class_list":["post-112503","post","type-post","status-publish","format-standard","hentry","category-actualite","category-cameroun"],"_links":{"self":[{"href":"https:\/\/linitiative.ca\/International\/wp-json\/wp\/v2\/posts\/112503","targetHints":{"allow":["GET"]}}],"collection":[{"href":"https:\/\/linitiative.ca\/International\/wp-json\/wp\/v2\/posts"}],"about":[{"href":"https:\/\/linitiative.ca\/International\/wp-json\/wp\/v2\/types\/post"}],"author":[{"embeddable":true,"href":"https:\/\/linitiative.ca\/International\/wp-json\/wp\/v2\/users\/1965"}],"replies":[{"embeddable":true,"href":"https:\/\/linitiative.ca\/International\/wp-json\/wp\/v2\/comments?post=112503"}],"version-history":[{"count":0,"href":"https:\/\/linitiative.ca\/International\/wp-json\/wp\/v2\/posts\/112503\/revisions"}],"wp:attachment":[{"href":"https:\/\/linitiative.ca\/International\/wp-json\/wp\/v2\/media?parent=112503"}],"wp:term":[{"taxonomy":"category","embeddable":true,"href":"https:\/\/linitiative.ca\/International\/wp-json\/wp\/v2\/categories?post=112503"},{"taxonomy":"post_tag","embeddable":true,"href":"https:\/\/linitiative.ca\/International\/wp-json\/wp\/v2\/tags?post=112503"}],"curies":[{"name":"wp","href":"https:\/\/api.w.org\/{rel}","templated":true}]}}