{"id":112504,"date":"2021-03-04T11:18:02","date_gmt":"2021-03-04T16:18:02","guid":{"rendered":"https:\/\/linitiative.ca\/International\/covid19-lengagement-des-chefs-traditionnels-sud-africains-salues\/"},"modified":"2021-03-04T11:18:02","modified_gmt":"2021-03-04T16:18:02","slug":"covid19-lengagement-des-chefs-traditionnels-sud-africains-salues","status":"publish","type":"post","link":"https:\/\/linitiative.ca\/International\/covid19-lengagement-des-chefs-traditionnels-sud-africains-salues\/","title":{"rendered":"Covid19: l\u2019engagement des chefs traditionnels sud-africains salu\u00e9s"},"content":{"rendered":"<div readability=\"32\">\n<p>Publi\u00e9 le 04.03.2021 \u00e0 17h18 par APA News<\/p>\n<\/div>\n<div readability=\"76\">\n<p>L\u2019engagement actif des chefs traditionnels sud-africains pour soutenir le gouvernement dans la lutte contre la pand\u00e9mie de coronavirus a \u00e9t\u00e9 salu\u00e9 jeudi par le pr\u00e9sident Cyril Ramaphosa.Cyril Ramaphosa s\u2019exprimait lors de l\u2019ouverture de la Maison nationale des chefs traditionnels au Parlement au Cap, dans la ville m\u00e8re. Il s\u2019adressait aux chefs pour leur engagement \u00e0 aider le gouvernement et leur peuple durant la pand\u00e9mie.<\/p>\n<p>\u00ab Je voudrais vous exprimer notre gratitude, \u00e0 vous, chefs traditionnels de notre peuple, pour vous \u00eatre joints au gouvernement dans la lutte contre cette pand\u00e9mie. Vous avez travaill\u00e9 ouvertement et de mani\u00e8re d\u00e9monstrative avec nous pour veiller \u00e0 ce que les communaut\u00e9s respectent les r\u00e8glements et les protocoles sanitaires, y compris le respect des r\u00e8glements relatifs aux fun\u00e9railles et autres rassemblements \u00bb, a-t-il d\u00e9clar\u00e9.<\/p>\n<p>Le pr\u00e9sident s\u2019est dit particuli\u00e8rement impressionn\u00e9 par la r\u00e9ponse des chefs traditionnels \u00e0 la demande du gouvernement de reporter les \u00ab c\u00e9r\u00e9monies d\u2019initiation\u00a0\u00bb que les chefs traditionnels organisent chaque ann\u00e9e pour les jeunes lors de leur transition de gar\u00e7on \u00e0 \u00ab homme \u00bb.<\/p>\n<p>M. Ramaphosa a d\u00e9clar\u00e9 que le processus d\u2019initiation \u00e9tait un test pour le gouvernement, mais que les chefs traditionnels ont veill\u00e9 \u00e0 ce que les r\u00e8glements de pr\u00e9vention de la pand\u00e9mie de Covid-19 soient respect\u00e9s.<\/p>\n<p>\u00ab Vous avez \u00e9t\u00e9 cr\u00e9atifs, vous avez propos\u00e9 des id\u00e9es, ce qui a prouv\u00e9 une fois de plus que travailler ensemble est le meilleur moyen de s\u2019attaquer aux probl\u00e8mes qui assaillent notre pays\u00a0\u00bb.<\/p>\n<p>\u00a0\u00ab J\u2019ai \u00e9t\u00e9 heureux que nous ayons pu nous retrouver autour d\u2019une question tr\u00e8s difficile et \u00e9prouvante comme les c\u00e9r\u00e9monies d\u2019initiation en acceptant de suspendre les rituels d\u2019initiation lorsque la pand\u00e9mie \u00e9tait \u00e0 son apog\u00e9e pendant la deuxi\u00e8me vague \u00bb, a d\u00e9clar\u00e9 le pr\u00e9sident.<\/p>\n<p>\u00ab\u00a0Nous avons ainsi pu faire en sorte que moins de personnes soient expos\u00e9es au virus. Nous savons que la mort d\u2019un seul initi\u00e9 est une mort de trop\u00a0\u00bb, a-t-il ajotu\u00e9.<\/p>\n<p>Le pr\u00e9sident a \u00e9galement rendu hommage aux chefs traditionnels qui sont morts depuis le d\u00e9but de la pand\u00e9mie, qui font partie des plus de 50.000 Sud-Africains qui ont succomb\u00e9 au coronavirus depuis mars 2020.\u00a0<\/p>\n<\/div>\n<p>Auteur: APA News<br \/>\n<a href=\"https:\/\/www.journalducameroun.com\/covid19-lengagement-des-chefs-traditionnels-sud-africains-salues\/\">Cliquez ici pour lire l&rsquo;article depuis sa source.<\/a><\/p>\n","protected":false},"excerpt":{"rendered":"<p>Publi\u00e9 le 04.03.2021 \u00e0 17h18 par APA News L\u2019engagement actif des chefs traditionnels sud-africains pour soutenir le gouvernement dans la lutte contre la pand\u00e9mie de coronavirus a \u00e9t\u00e9 salu\u00e9 jeudi par le pr\u00e9sident Cyril Ramaphosa.Cyril Ramaphosa s\u2019exprimait lors de l\u2019ouverture de la Maison nationale des chefs traditionnels au Parlement au Cap, dans la ville m\u00e8re. [&hellip;]<\/p>\n","protected":false},"author":1965,"featured_media":0,"comment_status":"closed","ping_status":"closed","sticky":false,"template":"","format":"standard","meta":{"fifu_image_url":"","fifu_image_alt":"","footnotes":""},"categories":[73,82],"tags":[],"class_list":["post-112504","post","type-post","status-publish","format-standard","hentry","category-actualite","category-cameroun"],"_links":{"self":[{"href":"https:\/\/linitiative.ca\/International\/wp-json\/wp\/v2\/posts\/112504","targetHints":{"allow":["GET"]}}],"collection":[{"href":"https:\/\/linitiative.ca\/International\/wp-json\/wp\/v2\/posts"}],"about":[{"href":"https:\/\/linitiative.ca\/International\/wp-json\/wp\/v2\/types\/post"}],"author":[{"embeddable":true,"href":"https:\/\/linitiative.ca\/International\/wp-json\/wp\/v2\/users\/1965"}],"replies":[{"embeddable":true,"href":"https:\/\/linitiative.ca\/International\/wp-json\/wp\/v2\/comments?post=112504"}],"version-history":[{"count":0,"href":"https:\/\/linitiative.ca\/International\/wp-json\/wp\/v2\/posts\/112504\/revisions"}],"wp:attachment":[{"href":"https:\/\/linitiative.ca\/International\/wp-json\/wp\/v2\/media?parent=112504"}],"wp:term":[{"taxonomy":"category","embeddable":true,"href":"https:\/\/linitiative.ca\/International\/wp-json\/wp\/v2\/categories?post=112504"},{"taxonomy":"post_tag","embeddable":true,"href":"https:\/\/linitiative.ca\/International\/wp-json\/wp\/v2\/tags?post=112504"}],"curies":[{"name":"wp","href":"https:\/\/api.w.org\/{rel}","templated":true}]}}