{"id":112505,"date":"2021-03-04T12:18:02","date_gmt":"2021-03-04T17:18:02","guid":{"rendered":"https:\/\/linitiative.ca\/International\/louverture-dun-consulat-de-la-jordanie-a-laayoune-une-consecration-des-liens-ancestraux-entre-rabat-et-amman-ministre-jordanien-ae\/"},"modified":"2021-03-04T12:18:02","modified_gmt":"2021-03-04T17:18:02","slug":"louverture-dun-consulat-de-la-jordanie-a-laayoune-une-consecration-des-liens-ancestraux-entre-rabat-et-amman-ministre-jordanien-ae","status":"publish","type":"post","link":"https:\/\/linitiative.ca\/International\/louverture-dun-consulat-de-la-jordanie-a-laayoune-une-consecration-des-liens-ancestraux-entre-rabat-et-amman-ministre-jordanien-ae\/","title":{"rendered":"L\u2019ouverture d\u2019un Consulat de la Jordanie \u00e0 Laayoune, une cons\u00e9cration des liens ancestraux entre Rabat et Amman (ministre jordanien AE)"},"content":{"rendered":"<div readability=\"32\">\n<p>Publi\u00e9 le 04.03.2021 \u00e0 18h18 par APA News<\/p>\n<\/div>\n<div readability=\"123\">\n<p>L\u2019ouverture d\u2019un Consulat de la Jordanie \u00e0 la ville de La\u00e2youne, chef-lieu des provinces du sud du Maroc refl\u00e8te la continuit\u00e9 et la cons\u00e9cration des liens ancestraux entre le Maroc et la Jordanie, a affirm\u00e9, jeudi, le vice-Premier ministre, ministre jordanien des Affaires \u00e9trang\u00e8res et des Expatri\u00e9s, Ayman Al-Safadi.Le ministre jordanien, qui s\u2019exprimait lors d\u2019un point de presse conjoint avec le son homologue marocain, Nasser Bourita, \u00e0 l\u2019issue de l\u2019inauguration du consulat de Jordanie \u00e0 La\u00e2youne, a soulign\u00e9 que son pays adopte une position ferme vis-\u00e0-vis de l\u2019unit\u00e9 et de l\u2019int\u00e9grit\u00e9 territoriale du Maroc et soutient une solution du conflit du Sahara marocain conform\u00e9ment \u00e0 la l\u00e9galit\u00e9 internationale et sur la base de la proposition marocaine d\u2019autonomie lanc\u00e9e par le Maroc, qui constitue la seule solution pratique et op\u00e9rationnelle de ce diff\u00e9rend.<\/p>\n<p>Revenant sur les relations bilat\u00e9rales, le chef de la diplomatie jordanienne a mis l\u2019accent sur les liens de fraternit\u00e9 sinc\u00e8re qui unissent les Souverains des deux pays ainsi que sur la concr\u00e9tisation de la politique de concertation continue et de la coordination permanente entre les deux dirigeants et la cons\u00e9cration des valeurs de solidarit\u00e9 agissante entre les deux Royaumes.<\/p>\n<p>Pour lui, les d\u00e9fis actuels exigent davantage d\u2019action conjointe, de coop\u00e9ration et de coordination entre les deux royaumes \u00e0 la hauteur des \u00ab d\u00e9fis auxquels nous sommes confront\u00e9s tels que la s\u00e9curit\u00e9, la stabilit\u00e9 et le d\u00e9veloppement dans tous les domaines \u00bb.<\/p>\n<p>Le sommet jordano-marocain qui s\u2019est tenu \u00e0 Rabat l\u2019ann\u00e9e derni\u00e8re a constitu\u00e9 une feuille de route pour la coop\u00e9ration bilat\u00e9rale dans nombre de domaines culturels, \u00e9conomiques et touristiques.<\/p>\n<p>Et d\u2019ajouter que les deux royaumes ont une vision des probl\u00e8mes r\u00e9gionaux, et \u00ab nous affirmons que notre question fondamentale est la question palestinienne, et nous travaillons avec le Maroc pour parvenir \u00e0 une paix juste et durable dans la r\u00e9gion \u00bb.<\/p>\n<p>\u00ab Nous cherchons, avec le Royaume du Maroc, \u00e0 soutenir le droit du peuple palestinien \u00e0 la libert\u00e9 et \u00e0 un \u00c9tat ind\u00e9pendant et souverain aux fronti\u00e8res du 4 juin 1967, avec pour capitale Al Qods Acharif. Il s\u2019agit, selon lui, d\u2019une solution \u00e0 deux \u00c9tats conforme avec une l\u00e9galit\u00e9 internationale et \u00e0 l\u2019initiative arabe de paix.<\/p>\n<p>Le Maroc et la Jordanie conviennent de la n\u00e9cessit\u00e9 d\u2019une coop\u00e9ration pour d\u00e9barrasser la r\u00e9gion arabe des crises qui secouent leurs pays et leurs peuples, a-t-il encore insist\u00e9.<\/p>\n<p>De son c\u00f4t\u00e9, le ministre marocain des Affaires \u00e9trang\u00e8res a rappel\u00e9 que l\u2019ouverture d\u2019un Consulat de Jordanie \u00e0 Laayoune co\u00efncide avec la comm\u00e9moration par la Jordanie du centenaire de la cr\u00e9ation de son Etat.<\/p>\n<p>La d\u00e9cision de SM le Roi Abdallah II d\u2019ouvrir un consulat \u00e0 La\u00e2youne et son soutien \u00e0 la restauration de la libre circulation civile et commerciale \u00e0 El Guerguarat constituent la manifestation du soutien constant que ne cesse d\u2019exprimer le Royaume hach\u00e9mite de Jordanie aux actions entreprises par le Maroc pour la d\u00e9fense de ses int\u00e9r\u00eats nationaux et sa souverainet\u00e9 sur l\u2019ensemble de son territoire, a-t-il d\u00e9clar\u00e9.<\/p>\n<p>Il a fait savoir que l\u2019ouverture de ce consulat est un \u00e9v\u00e8nement de \u00ab grande importance \u00bb qui restera \u00ab grav\u00e9 \u00e0 jamais dans la m\u00e9moire du peuple marocain \u00bb, \u00e0 l\u2019image de toutes les marques de soutien et de solidarit\u00e9 exprim\u00e9es par la Jordanie avec le Maroc pour le triomphe de ses causes sacr\u00e9es.<\/p>\n<p>Le Maroc et la Jordanie, a-t-il dit, ont r\u00e9ussi \u00e0 pr\u00e9server et maintenir des relations \u00e9troites en d\u00e9pit d\u2019un contexte arabe et r\u00e9gional \u00ab tr\u00e8s sensible \u00bb, saluant la coordination et la concertation continues qui existent entre les deux pays sur les diff\u00e9rentes questions qui pr\u00e9occupent le monde arabe.<\/p>\n<p>Le ministre des Affaires \u00e9trang\u00e8res a mis l\u2019accent sur la concertation politique entre les deux pays pour le d\u00e9veloppement de l\u2019action arabe commune et la d\u00e9fense des causes arabes, en particulier la cause palestinienne que le Roi Mohammed VI place au m\u00eame rang que la question du Sahara, soulignant le r\u00f4le important jou\u00e9 par le Comit\u00e9 Al Qods, pr\u00e9sid\u00e9 par SM le Roi, et la tutelle hach\u00e9mite historique sur les lieux saints chr\u00e9tiens et musulmans \u00e0 Al Qods Acharif.<\/p>\n<p>M. Bourita a rappel\u00e9 dans ce cadre les nombreux projets sociaux, m\u00e9dicaux et d\u2019\u00e9ducation financ\u00e9s par l\u2019Agence Bayt Mal Qods dans la ville sainte ainsi que son soutien financier r\u00e9cent aux Maqdessis durant la crise sanitaire li\u00e9e \u00e0 la pand\u00e9mie de la Covid-19.<\/p>\n<\/div>\n<p>Auteur: APA News<br \/>\n<a href=\"https:\/\/www.journalducameroun.com\/louverture-dun-consulat-de-la-jordanie-a-laayoune-une-consecration-des-liens-ancestraux-entre-rabat-et-amman-ministre-jordanien-ae\/\">Cliquez ici pour lire l&rsquo;article depuis sa source.<\/a><\/p>\n","protected":false},"excerpt":{"rendered":"<p>Publi\u00e9 le 04.03.2021 \u00e0 18h18 par APA News L\u2019ouverture d\u2019un Consulat de la Jordanie \u00e0 la ville de La\u00e2youne, chef-lieu des provinces du sud du Maroc refl\u00e8te la continuit\u00e9 et la cons\u00e9cration des liens ancestraux entre le Maroc et la Jordanie, a affirm\u00e9, jeudi, le vice-Premier ministre, ministre jordanien des Affaires \u00e9trang\u00e8res et des Expatri\u00e9s, [&hellip;]<\/p>\n","protected":false},"author":1965,"featured_media":0,"comment_status":"closed","ping_status":"closed","sticky":false,"template":"","format":"standard","meta":{"fifu_image_url":"","fifu_image_alt":"","footnotes":""},"categories":[73,82],"tags":[],"class_list":["post-112505","post","type-post","status-publish","format-standard","hentry","category-actualite","category-cameroun"],"_links":{"self":[{"href":"https:\/\/linitiative.ca\/International\/wp-json\/wp\/v2\/posts\/112505","targetHints":{"allow":["GET"]}}],"collection":[{"href":"https:\/\/linitiative.ca\/International\/wp-json\/wp\/v2\/posts"}],"about":[{"href":"https:\/\/linitiative.ca\/International\/wp-json\/wp\/v2\/types\/post"}],"author":[{"embeddable":true,"href":"https:\/\/linitiative.ca\/International\/wp-json\/wp\/v2\/users\/1965"}],"replies":[{"embeddable":true,"href":"https:\/\/linitiative.ca\/International\/wp-json\/wp\/v2\/comments?post=112505"}],"version-history":[{"count":0,"href":"https:\/\/linitiative.ca\/International\/wp-json\/wp\/v2\/posts\/112505\/revisions"}],"wp:attachment":[{"href":"https:\/\/linitiative.ca\/International\/wp-json\/wp\/v2\/media?parent=112505"}],"wp:term":[{"taxonomy":"category","embeddable":true,"href":"https:\/\/linitiative.ca\/International\/wp-json\/wp\/v2\/categories?post=112505"},{"taxonomy":"post_tag","embeddable":true,"href":"https:\/\/linitiative.ca\/International\/wp-json\/wp\/v2\/tags?post=112505"}],"curies":[{"name":"wp","href":"https:\/\/api.w.org\/{rel}","templated":true}]}}