{"id":112506,"date":"2021-03-04T16:18:01","date_gmt":"2021-03-04T21:18:01","guid":{"rendered":"https:\/\/linitiative.ca\/International\/plus-de-150-prisonniers-juges-en-cote-divoire-depuis-janvier-officiel\/"},"modified":"2021-03-04T16:18:01","modified_gmt":"2021-03-04T21:18:01","slug":"plus-de-150-prisonniers-juges-en-cote-divoire-depuis-janvier-officiel","status":"publish","type":"post","link":"https:\/\/linitiative.ca\/International\/plus-de-150-prisonniers-juges-en-cote-divoire-depuis-janvier-officiel\/","title":{"rendered":"Plus de 150 prisonniers jug\u00e9s en C\u00f4te d\u2019Ivoire depuis janvier (Officiel)"},"content":{"rendered":"<div readability=\"32\">\n<p>Publi\u00e9 le 04.03.2021 \u00e0 22h18 par APA News<\/p>\n<\/div>\n<div readability=\"82\">\n<p>Plus de 150 d\u00e9tenus ont \u00e9t\u00e9 jug\u00e9s en C\u00f4te d\u2019Ivoire depuis le d\u00e9but de l\u2019ann\u00e9e 2021, a r\u00e9v\u00e9l\u00e9 le minist\u00e8re ivoirien de la justice et des droits de l\u2019homme dans un communiqu\u00e9 transmis jeudi \u00e0 APA.<\/p>\n<p>\u00ab (\u2026) En vue de r\u00e9sorber le nombre des d\u00e9tentions avant jugement, les juridictions criminelles ont commenc\u00e9, depuis la nouvelle ann\u00e9e, \u00e0 tenir les sessions de jugement. A ce jour, les audiences tenues ont permis le jugement de plus 150 d\u00e9tenus \u00bb, a indiqu\u00e9 le minist\u00e8re de la justice.\u00a0<\/p>\n<p>Ce communiqu\u00e9 intervient pour d\u00e9mentir l\u2019information donn\u00e9e par les \u00a0ONG d\u00e9nomm\u00e9s respectivement \u00a0\u00ab F\u00e9d\u00e9ration Internationale de l\u2019Action des Chr\u00e9tiens pour l\u2019Abolition de la Torture (FIACAT) et l\u2019Action des Chr\u00e9tiens pour l\u2019Abolition de la Torture de C\u00f4te d\u2019Ivoire (ACAT-CI), qui ont r\u00e9v\u00e9l\u00e9 lors d\u2019un point de presse fin f\u00e9vrier dernier \u00e0 Yamoussoukro ( Centre ivoirien), l\u2019existence dans les prisons ivoiriennes de 486 cas de d\u00e9tention pr\u00e9ventive injustifi\u00e9e.\u00a0<\/p>\n<p>Ces organisations ont ajout\u00e9 \u00a0que \u00ableur intervention a permis la mise en libert\u00e9 de 92 d\u00e9tenus, la condamnation de 45 d\u00e9tenus, la transmission de 205 et de 41 dossiers respectivement \u00e0 la Chambre d\u2019instruction et au parquet pour r\u00e8glement d\u00e9finitif. Elles ont conclu que 103 proc\u00e9dures sont en cours d\u2019instruction\u00bb, rapporte le communiqu\u00e9.<\/p>\n<p>\u00a0Le minist\u00e8re ivoirien de la justice a \u00ab marqu\u00e9 sa surprise \u00bb face \u00e0 ces d\u00e9clarations \u00a0s\u2019inscrivant en faux sur les chiffres donn\u00e9es.\u00a0<\/p>\n<p>\u00abLes personnes d\u00e9tenues le sont en vertu de titre r\u00e9gulier. D\u00e8s le renvoi du d\u00e9tenu devant une juridiction de jugement, les d\u00e9lais de d\u00e9tention pr\u00e9ventive ne s\u2019appliquent plus (article 168 du Code de proc\u00e9dure p\u00e9nale) ; de sorte que l\u2019on ne saurait parler de d\u00e9tention injustifi\u00e9e en ce qui concerne les d\u00e9tenus avant jugement\u00bb, a pr\u00e9cis\u00e9 dans le communiqu\u00e9 le service de communication de ce d\u00e9partement minist\u00e9riel.\u00a0<\/p>\n<p>Depuis l\u2019entr\u00e9e en vigueur du nouveau Code de proc\u00e9dure p\u00e9nale, a expliqu\u00e9 auparavant le texte, des mesures ont \u00e9t\u00e9 prises \u00e0 l\u2019effet d\u2019assurer le contr\u00f4le du respect des d\u00e9lais de d\u00e9tention pr\u00e9ventive et d\u2019\u00e9viter ainsi les d\u00e9tentions injustifi\u00e9es. \u00a0Les cabinets d\u2019instruction, a ajout\u00e9 le communiqu\u00e9, s\u2019attellent \u00e0 observer scrupuleusement les d\u00e9lais l\u00e9gaux.\u00a0<\/p>\n<p>Le minist\u00e8re de la justice a conclu en rassurant l\u2019opinion publique nationale et internationale \u00a0\u00absur le fait que les juridictions \u0153uvrent \u00e0 rendre la Justice dans des d\u00e9lais raisonnables\u00bb.\u00a0<\/p>\n<\/div>\n<p>Auteur: APA News<br \/>\n<a href=\"https:\/\/www.journalducameroun.com\/plus-de-150-prisonniers-juges-en-cote-divoire-depuis-janvier-officiel\/\">Cliquez ici pour lire l&rsquo;article depuis sa source.<\/a><\/p>\n","protected":false},"excerpt":{"rendered":"<p>Publi\u00e9 le 04.03.2021 \u00e0 22h18 par APA News Plus de 150 d\u00e9tenus ont \u00e9t\u00e9 jug\u00e9s en C\u00f4te d\u2019Ivoire depuis le d\u00e9but de l\u2019ann\u00e9e 2021, a r\u00e9v\u00e9l\u00e9 le minist\u00e8re ivoirien de la justice et des droits de l\u2019homme dans un communiqu\u00e9 transmis jeudi \u00e0 APA. \u00ab (\u2026) En vue de r\u00e9sorber le nombre des d\u00e9tentions avant [&hellip;]<\/p>\n","protected":false},"author":1965,"featured_media":0,"comment_status":"closed","ping_status":"closed","sticky":false,"template":"","format":"standard","meta":{"fifu_image_url":"","fifu_image_alt":"","footnotes":""},"categories":[73,82],"tags":[],"class_list":["post-112506","post","type-post","status-publish","format-standard","hentry","category-actualite","category-cameroun"],"_links":{"self":[{"href":"https:\/\/linitiative.ca\/International\/wp-json\/wp\/v2\/posts\/112506","targetHints":{"allow":["GET"]}}],"collection":[{"href":"https:\/\/linitiative.ca\/International\/wp-json\/wp\/v2\/posts"}],"about":[{"href":"https:\/\/linitiative.ca\/International\/wp-json\/wp\/v2\/types\/post"}],"author":[{"embeddable":true,"href":"https:\/\/linitiative.ca\/International\/wp-json\/wp\/v2\/users\/1965"}],"replies":[{"embeddable":true,"href":"https:\/\/linitiative.ca\/International\/wp-json\/wp\/v2\/comments?post=112506"}],"version-history":[{"count":0,"href":"https:\/\/linitiative.ca\/International\/wp-json\/wp\/v2\/posts\/112506\/revisions"}],"wp:attachment":[{"href":"https:\/\/linitiative.ca\/International\/wp-json\/wp\/v2\/media?parent=112506"}],"wp:term":[{"taxonomy":"category","embeddable":true,"href":"https:\/\/linitiative.ca\/International\/wp-json\/wp\/v2\/categories?post=112506"},{"taxonomy":"post_tag","embeddable":true,"href":"https:\/\/linitiative.ca\/International\/wp-json\/wp\/v2\/tags?post=112506"}],"curies":[{"name":"wp","href":"https:\/\/api.w.org\/{rel}","templated":true}]}}