{"id":112515,"date":"2021-03-05T07:55:58","date_gmt":"2021-03-05T12:55:58","guid":{"rendered":"https:\/\/linitiative.ca\/International\/mouvement-de-mutation-1-426-directeurs-et-directrices-beneficiaires-en-2021\/"},"modified":"2021-03-05T07:55:58","modified_gmt":"2021-03-05T12:55:58","slug":"mouvement-de-mutation-1-426-directeurs-et-directrices-beneficiaires-en-2021","status":"publish","type":"post","link":"https:\/\/linitiative.ca\/International\/mouvement-de-mutation-1-426-directeurs-et-directrices-beneficiaires-en-2021\/","title":{"rendered":"Mouvement de mutation: 1.426 directeurs  et directrices b\u00e9n\u00e9ficiaires en 2021"},"content":{"rendered":"<header>\n<\/header>\n<div class=\"entry-content clearfix\" readability=\"69\">\n<figure class=\"post-thumbnail\" itemprop=\"associatedMedia\" itemscope=\"itemscope\" itemtype=\"http:\/\/schema.org\/ImageObject\"><img decoding=\"async\" class=\"post_layout_5_img\" src=\"http:\/\/aujourdhui.ma\/wp-content\/uploads\/2021\/03\/Ecole-Eleves.jpg\" alt=\"Mouvement de mutation: 1.426 directeurs et directrices b\u00e9n\u00e9ficiaires en 2021\"\/><\/figure>\n<p><span class=\"c5\"><strong>Les demandes de recours devront \u00eatre adress\u00e9es aux AREF avant le 15 mars<\/strong><\/span><br \/><span id=\"more-370221\"\/><\/p>\n<p>Le minist\u00e8re de l\u2019\u00e9ducation nationale a d\u00e9voil\u00e9 le mercredi 3 mars les r\u00e9sultats du mouvement de mutation concernant les directeurs et directrices d\u2019\u00e9tudes des \u00e9tablissements d\u2019enseignement public au titre de l\u2019ann\u00e9e 2021. Le minist\u00e8re a annonc\u00e9 sur son portail officiel que ce mouvement de mutation a concern\u00e9 un total de 1.426 directeurs et directrices r\u00e9partis selon les cycles p\u00e9dagogiques.<\/p>\n<p>Selon les donn\u00e9es du minist\u00e8re de tutelle, 1100 b\u00e9n\u00e9ficiaires ont profit\u00e9 de cette op\u00e9ration en 2021 dans l\u2019enseignement primaire, 210 dans l\u2019enseignement secondaire interm\u00e9diaire et 116 b\u00e9n\u00e9ficiaires dans l\u2019enseignement secondaire qualifiant. Le minist\u00e8re a \u00e9galement fait savoir qu\u2019au total, 2.690 directeurs et directrices d\u2019\u00e9coles ont particip\u00e9 \u00e0 ce mouvement, dont 2.199 dans l\u2019enseignement primaire, 399 dans l\u2019enseignement secondaire interm\u00e9diaire et 172 dans l\u2019enseignement secondaire qualifi\u00e9. Le d\u00e9partement de Said Amzazi a indiqu\u00e9 que la proc\u00e9dure de recours sera ouverte dans un d\u00e9lai de 7 jours \u00e0 compter de la date de publication de ces r\u00e9sultats. Toute personne concern\u00e9e par ce mouvement de mutation devra alors pr\u00e9senter sa demande aux services comp\u00e9tents de l\u2019Acad\u00e9mie r\u00e9gionale de l\u2019\u00e9ducation et de la formation (AREF) dont elle rel\u00e8ve avant le 15 mars 2021.<\/p>\n<p>Seuls les dossiers re\u00e7us dans les d\u00e9lais pr\u00e9vus par le minist\u00e8re seront pris en compte. Rappelons qu\u2019en 2021, un total de 35.668 enseignants des \u00e9tablissements scolaires publics ont b\u00e9n\u00e9fici\u00e9 du mouvement national de mutation. Le taux des b\u00e9n\u00e9ficiaires est ainsi pass\u00e9 \u00e0 44,4% en 2021 contre 43,9% en 2020. Ce mouvement a ainsi profit\u00e9 \u00e0 18.922 enseignants du cycle primaire, 8.458 du secondaire coll\u00e9gial, 8.288 du secondaire qualifiant et technique, alors que le nombre de b\u00e9n\u00e9ficiaires de mutation au titre du rapprochement de conjoints a atteint 6.979, soit 60,12%.<\/p>\n<p>Au total, quelque 80.345 enseignants ont particip\u00e9 \u00e0 ce mouvement, contre 83.497 pour l\u2019ann\u00e9e en cours. L\u2019annonce des r\u00e9sultats du mouvement de mutation durant cette p\u00e9riode de l\u2019ann\u00e9e scolaire entre dans le cadre du nouveau mod\u00e8le de gestion adopt\u00e9 par le minist\u00e8re de tutelle, permettant aux acad\u00e9mies ainsi qu\u2019aux directions provinciales de mieux se pr\u00e9parer pour la prochaine rentr\u00e9e 2021-2022, \u00e0 travers la mise en place de structures p\u00e9dagogiques \u00e0 m\u00eame de favoriser un enseignement de qualit\u00e9 pour l\u2019ensemble des \u00e9l\u00e8ves.<\/p>\n<\/div>\n<p>Auteur: ALM<br \/>\n<a href=\"https:\/\/aujourdhui.ma\/societe\/mouvement-de-mutation-1-426-directeurs-et-directrices-beneficiaires-en-2021\">Cliquez ici pour lire l&rsquo;article depuis sa source.<\/a><\/p>\n","protected":false},"excerpt":{"rendered":"<p>Les demandes de recours devront \u00eatre adress\u00e9es aux AREF avant le 15 mars Le minist\u00e8re de l\u2019\u00e9ducation nationale a d\u00e9voil\u00e9 le mercredi 3 mars les r\u00e9sultats du mouvement de mutation concernant les directeurs et directrices d\u2019\u00e9tudes des \u00e9tablissements d\u2019enseignement public au titre de l\u2019ann\u00e9e 2021. Le minist\u00e8re a annonc\u00e9 sur son portail officiel que ce [&hellip;]<\/p>\n","protected":false},"author":1759,"featured_media":0,"comment_status":"closed","ping_status":"closed","sticky":false,"template":"","format":"standard","meta":{"fifu_image_url":"http:\/\/aujourdhui.ma\/wp-content\/uploads\/2021\/03\/Ecole-Eleves.jpg","fifu_image_alt":"Mouvement de mutation: 1.426 directeurs  et directrices b\u00e9n\u00e9ficiaires en 2021","footnotes":""},"categories":[73,54],"tags":[],"class_list":["post-112515","post","type-post","status-publish","format-standard","hentry","category-actualite","category-maroc"],"_links":{"self":[{"href":"https:\/\/linitiative.ca\/International\/wp-json\/wp\/v2\/posts\/112515","targetHints":{"allow":["GET"]}}],"collection":[{"href":"https:\/\/linitiative.ca\/International\/wp-json\/wp\/v2\/posts"}],"about":[{"href":"https:\/\/linitiative.ca\/International\/wp-json\/wp\/v2\/types\/post"}],"author":[{"embeddable":true,"href":"https:\/\/linitiative.ca\/International\/wp-json\/wp\/v2\/users\/1759"}],"replies":[{"embeddable":true,"href":"https:\/\/linitiative.ca\/International\/wp-json\/wp\/v2\/comments?post=112515"}],"version-history":[{"count":0,"href":"https:\/\/linitiative.ca\/International\/wp-json\/wp\/v2\/posts\/112515\/revisions"}],"wp:attachment":[{"href":"https:\/\/linitiative.ca\/International\/wp-json\/wp\/v2\/media?parent=112515"}],"wp:term":[{"taxonomy":"category","embeddable":true,"href":"https:\/\/linitiative.ca\/International\/wp-json\/wp\/v2\/categories?post=112515"},{"taxonomy":"post_tag","embeddable":true,"href":"https:\/\/linitiative.ca\/International\/wp-json\/wp\/v2\/tags?post=112515"}],"curies":[{"name":"wp","href":"https:\/\/api.w.org\/{rel}","templated":true}]}}