{"id":112516,"date":"2021-03-05T10:23:20","date_gmt":"2021-03-05T15:23:20","guid":{"rendered":"https:\/\/linitiative.ca\/International\/chambre-des-conseillers-ouverture-de-la-session-extraordinaire\/"},"modified":"2021-03-05T10:23:20","modified_gmt":"2021-03-05T15:23:20","slug":"chambre-des-conseillers-ouverture-de-la-session-extraordinaire","status":"publish","type":"post","link":"https:\/\/linitiative.ca\/International\/chambre-des-conseillers-ouverture-de-la-session-extraordinaire\/","title":{"rendered":"Chambre des conseillers: Ouverture de la session extraordinaire"},"content":{"rendered":"<figure class=\"post-thumbnail\" itemprop=\"associatedMedia\" itemscope=\"itemscope\" itemtype=\"http:\/\/schema.org\/ImageObject\"><img decoding=\"async\" class=\"post_layout_5_img\" src=\"http:\/\/aujourdhui.ma\/wp-content\/uploads\/2016\/08\/Benchamach-Chambre-des-conseillers.jpg\" alt=\"Chambre des conseillers: Ouverture de la session extraordinaire\"\/><\/figure>\n<p><span class=\"c5\"><strong>La Chambre des conseillers a tenu, vendredi, une s\u00e9ance pl\u00e9ni\u00e8re consacr\u00e9e \u00e0 l\u2019ouverture de sa session extraordinaire.<\/strong><\/span><span id=\"more-370270\"\/><\/p>\n<p>Cette session, dont l\u2019ouverture a \u00e9t\u00e9 pr\u00e9sid\u00e9e par le pr\u00e9sident de la Chambre des conseillers Hakim Benchamach, a \u00e9t\u00e9 marqu\u00e9e par la pr\u00e9sence du ministre de l\u2019Int\u00e9rieur, Abdelouafi Laftit. Elle s\u2019inscrit dans le cadre de l\u2019application des dispositions de l\u2019article 66 de la constitution, de l\u2019alin\u00e9a 20 du r\u00e8glement int\u00e9rieur et sur la base du d\u00e9cret 2.21.124 invitant les deux chambres du parlement \u00e0 la tenue d\u2019une session extraordinaire.<\/p>\n<p>Intervenant \u00e0 cette occasion, M. Benchamach a rappel\u00e9 que cette session intervient un mois apr\u00e8s la cl\u00f4ture de la session ordinaire d\u2019octobre, dont le bilan a \u00e9t\u00e9 honorable, tant au niveau de la qualit\u00e9 que de la quantit\u00e9, notamment sur les plans l\u00e9gislatif et du contr\u00f4le parlementaire.<\/p>\n<p>La tenue de cette session s\u2019inscrit dans le cadre de l\u2019interaction naturelle de l\u2019institution l\u00e9gislative avec l\u2019actualit\u00e9 du pays et ses questions essentielles, a affirm\u00e9 M. Benchamach, expliquant que cette interaction se refl\u00e8te dans son ordre du jour, car il s\u2019agit de projets de lois r\u00e9gissant deux questions politiquement et socialement primordiales.<\/p>\n<p>Dans ce sens, il a relev\u00e9 que le projet de loi cadre relatif \u00e0 la protection sociale est un texte structurant du chantier de la protection sociale, puisqu\u2019il en d\u00e9finira les principes fondamentaux bas\u00e9s sur la solidarit\u00e9, la non discrimination, l\u2019anticipation et la participation et ce, dans la perspective de r\u00e9aliser les objectifs escompt\u00e9s, notamment la g\u00e9n\u00e9ralisation de l\u2019assurance maladie obligatoire, la g\u00e9n\u00e9ralisation des indemnit\u00e9s familiales et l\u2019\u00e9largissement de la base des inscrits aux r\u00e9gimes de retraites, en plus d\u2019autres objectifs nobles visant la consolidation du tissu social national.<\/p>\n<p>La Chambre des repr\u00e9sentants a tr\u00e8s t\u00f4t interagi avec l\u2019esprit du s\u00e9rieux, de l\u2019innovation et de l\u2019initiative n\u00e9cessaire, a-t-il fait remarquer, notant que l\u2019institution l\u00e9gislative a form\u00e9 un groupe de travail th\u00e9matique pour pr\u00e9parer un rapport sur la r\u00e9forme du syst\u00e8me de protection sociale et un groupe th\u00e9matique pour pr\u00e9parer la s\u00e9ance annuelle consacr\u00e9e \u00e0 l\u2019examen et \u00e0 l\u2019\u00e9valuation des politiques publiques relatives \u00e0 l\u2019emploi.<\/p>\n<p>Ces deux groupes th\u00e9matiques sont en pleine action, \u00e0 travers le recueil des donn\u00e9es et l\u2019audition des responsables gouvernementaux concern\u00e9s, a d\u00e9taill\u00e9 M. Benchamach, poursuivant que la Chambre des conseillers avait consacr\u00e9 les travaux de la 4-\u00e8me \u00e9dition du Forum parlementaire sur la justice sociale, tenue en 2019, au th\u00e8me de \u00ab\u00a0La protection sociale au Maroc : la gouvernance et les enjeux de la durabilit\u00e9 et de la g\u00e9n\u00e9ralisation\u00a0\u00bb.<\/p>\n<p>Par ailleurs, vu l\u2019obligation de tenir les \u00e9ch\u00e9ances \u00e9lectorales dans les d\u00e9lais fix\u00e9s, afin de pr\u00e9server sa p\u00e9riodicit\u00e9 et sa r\u00e9gularit\u00e9 comme le stipule la constitution, il \u00e9tait essentiel d\u2019approuver l\u2019arsenal juridique r\u00e9gissant les \u00e9lections, \u00e0 travers l\u2019amendement des lois cadres afin de d\u00e9velopper les r\u00e8gles du processus \u00e9lectoral, renforcer les garanties de la concurrence libre et juste, renforcer la transparence financi\u00e8re des campagnes \u00e9lectorales et moraliser la vie politique, \u00e0 travers les dispositions du projet de loi relatif \u00e0 l\u2019Instance nationale de la probit\u00e9, de la pr\u00e9vention et de la lutte contre la corruption, figurant aussi \u00e0 l\u2019ordre du jour de cette session extraordinaire.<\/p>\n<p>Soulignant l\u2019enjeu national majeur que repr\u00e9sente cette session extraordinaire, il a appel\u00e9 au sens de responsabilit\u00e9 et \u00e0 la mobilisation collective pour relever ce d\u00e9fi, \u00e0 travers la participation effective aux diff\u00e9rentes \u00e9tapes de l\u2019examen et du vote des textes l\u00e9gislatifs, en pr\u00e9servant l\u2019\u00e9quilibre entre l\u2019am\u00e9lioration de ces textes et la prise en compte de l\u2019esprit de consensus, tout en faisant valoir l\u2019int\u00e9r\u00eat national supr\u00eame.<\/p>\n<p>A noter que cette s\u00e9ance a \u00e9t\u00e9 suivie par une s\u00e9ance l\u00e9gislative consacr\u00e9e \u00e0 l\u2019examen et au vote des textes finalis\u00e9s figurant \u00e0 l\u2019ordre du jour de cette session extraordinaire.<\/p>\n<p>Auteur: ALM<br \/>\n<a href=\"https:\/\/aujourdhui.ma\/politique\/chambre-des-conseillers-ouverture-de-la-session-extraordinaire\">Cliquez ici pour lire l&rsquo;article depuis sa source.<\/a><\/p>\n","protected":false},"excerpt":{"rendered":"<p>La Chambre des conseillers a tenu, vendredi, une s\u00e9ance pl\u00e9ni\u00e8re consacr\u00e9e \u00e0 l\u2019ouverture de sa session extraordinaire. Cette session, dont l\u2019ouverture a \u00e9t\u00e9 pr\u00e9sid\u00e9e par le pr\u00e9sident de la Chambre des conseillers Hakim Benchamach, a \u00e9t\u00e9 marqu\u00e9e par la pr\u00e9sence du ministre de l\u2019Int\u00e9rieur, Abdelouafi Laftit. Elle s\u2019inscrit dans le cadre de l\u2019application des dispositions [&hellip;]<\/p>\n","protected":false},"author":1759,"featured_media":0,"comment_status":"closed","ping_status":"closed","sticky":false,"template":"","format":"standard","meta":{"fifu_image_url":"http:\/\/aujourdhui.ma\/wp-content\/uploads\/2016\/08\/Benchamach-Chambre-des-conseillers.jpg","fifu_image_alt":"Chambre des conseillers: Ouverture de la session extraordinaire","footnotes":""},"categories":[73,54],"tags":[],"class_list":["post-112516","post","type-post","status-publish","format-standard","hentry","category-actualite","category-maroc"],"_links":{"self":[{"href":"https:\/\/linitiative.ca\/International\/wp-json\/wp\/v2\/posts\/112516","targetHints":{"allow":["GET"]}}],"collection":[{"href":"https:\/\/linitiative.ca\/International\/wp-json\/wp\/v2\/posts"}],"about":[{"href":"https:\/\/linitiative.ca\/International\/wp-json\/wp\/v2\/types\/post"}],"author":[{"embeddable":true,"href":"https:\/\/linitiative.ca\/International\/wp-json\/wp\/v2\/users\/1759"}],"replies":[{"embeddable":true,"href":"https:\/\/linitiative.ca\/International\/wp-json\/wp\/v2\/comments?post=112516"}],"version-history":[{"count":0,"href":"https:\/\/linitiative.ca\/International\/wp-json\/wp\/v2\/posts\/112516\/revisions"}],"wp:attachment":[{"href":"https:\/\/linitiative.ca\/International\/wp-json\/wp\/v2\/media?parent=112516"}],"wp:term":[{"taxonomy":"category","embeddable":true,"href":"https:\/\/linitiative.ca\/International\/wp-json\/wp\/v2\/categories?post=112516"},{"taxonomy":"post_tag","embeddable":true,"href":"https:\/\/linitiative.ca\/International\/wp-json\/wp\/v2\/tags?post=112516"}],"curies":[{"name":"wp","href":"https:\/\/api.w.org\/{rel}","templated":true}]}}