{"id":112521,"date":"2021-03-05T06:46:29","date_gmt":"2021-03-05T11:46:29","guid":{"rendered":"https:\/\/linitiative.ca\/International\/%ef%bb%bfhakim-ziyech-a-la-relance-en-espagne\/"},"modified":"2021-03-05T06:46:29","modified_gmt":"2021-03-05T11:46:29","slug":"%ef%bb%bfhakim-ziyech-a-la-relance-en-espagne","status":"publish","type":"post","link":"https:\/\/linitiative.ca\/International\/%ef%bb%bfhakim-ziyech-a-la-relance-en-espagne\/","title":{"rendered":"\ufeffHakim Ziyech \u00e0 la relance en Espagne ?"},"content":{"rendered":"<p class=\"has-text-color has-vivid-red-color c1\"><strong>Lions de l\u2019Atlas<\/strong><\/p>\n<p class=\"has-text-color c2\"><strong>Par : Oussama Zidouhia<\/strong><\/p>\n<p><strong>L\u2019international marocain Hakim Ziyech, qui peine sous les couleurs de Chelsea, pourrait \u00eatre sacrifi\u00e9 cet \u00e9t\u00e9 par son entra\u00eeneur Thomas Tuchel. Une situation dont voudrait profiter l\u2019Atl\u00e9tico Madrid, qui aurait fait du Lion de l\u2019Atlas sa cible principale pour le prochain mercato.<\/strong><\/p>\n<p>Il est rare de voir un joueur de l\u2019ampleur de Ziyech brad\u00e9 apr\u00e8s une seule saison, cependant, le Marocain ne rentre pas dans les plans de son entra\u00eeneur Thomas Tuchel, qui pr\u00e9f\u00e8re miser sur d\u2019autres joueurs dans sa position.<\/p>\n<p>Selon les derni\u00e8res informations des tablo\u00efds anglais, le pr\u00e9sident de Chelsea, Roman Abramovic, serait compl\u00e8tement sous le charme de l\u2019attaquant\u00a0 du Borussia Dortmund Erling Haaland. Le multimilliardaire russe voudrait en faire la recrue star de la prochaine saison. Tuchel aurait d\u00e9j\u00e0 donn\u00e9 son feu vert pour entamer les n\u00e9gociations avec l\u2019entourage du prodige norv\u00e9gien.<\/p>\n<p>Pour se faire, les Blues seront amen\u00e9s \u00e0 d\u00e9graisser pour ne pas \u00eatre financi\u00e8rement dans le rouge. Afin de renflouer leurs caisses, les londoniens seront amen\u00e9s \u00e0 sacrifier plusieurs joueurs qui ont une bonne c\u00f4te en Europe, \u00e0 commencer par Ziyech, mais aussi le champion du monde Kante, \u00e0 qui le tacticien allemand pr\u00e9f\u00e8re Jorginho.<\/p>\n<p>Suivant les r\u00e9centes informations des quotidiens espagnols (Fichajes), l\u2019Atletico Madrid serait int\u00e9ress\u00e9 par la signature de Ziyech lors du mercato estival.<\/p>\n<p>Le club madril\u00e8ne va se s\u00e9parer de son ailier Vitolo \u00e0 la fin de la saison, et le Lion de l\u2019Atlas serait le candidat favori pour occuper le c\u00f4t\u00e9 droit des Colchoneros.<\/p>\n<p>Avec le duo Suarez-Felix qui commence d\u00e9j\u00e0 a faire beaucoup de bien offensivement \u00e0 une formation connue pour sa grinta d\u00e9fensive, on salive d\u00e9j\u00e0 \u00e0 l\u2019id\u00e9e de voir notre joyau national \u00e9voluer dans un club qui l\u2019appr\u00e9ciera \u00e0 sa juste valeur.<\/p>\n<p>Auteur: M&rsquo;hammed rahal<br \/>\n<a href=\"http:\/\/albayane.press.ma\/%EF%BB%BFhakim-ziyech-a-la-relance-en-espagne.html\">Cliquez ici pour lire l&rsquo;article depuis sa source.<\/a><\/p>\n","protected":false},"excerpt":{"rendered":"<p>Lions de l\u2019Atlas Par : Oussama Zidouhia L\u2019international marocain Hakim Ziyech, qui peine sous les couleurs de Chelsea, pourrait \u00eatre sacrifi\u00e9 cet \u00e9t\u00e9 par son entra\u00eeneur Thomas Tuchel. Une situation dont voudrait profiter l\u2019Atl\u00e9tico Madrid, qui aurait fait du Lion de l\u2019Atlas sa cible principale pour le prochain mercato. Il est rare de voir un [&hellip;]<\/p>\n","protected":false},"author":1760,"featured_media":0,"comment_status":"closed","ping_status":"closed","sticky":false,"template":"","format":"standard","meta":{"fifu_image_url":"","fifu_image_alt":"","footnotes":""},"categories":[73,54],"tags":[],"class_list":["post-112521","post","type-post","status-publish","format-standard","hentry","category-actualite","category-maroc"],"_links":{"self":[{"href":"https:\/\/linitiative.ca\/International\/wp-json\/wp\/v2\/posts\/112521","targetHints":{"allow":["GET"]}}],"collection":[{"href":"https:\/\/linitiative.ca\/International\/wp-json\/wp\/v2\/posts"}],"about":[{"href":"https:\/\/linitiative.ca\/International\/wp-json\/wp\/v2\/types\/post"}],"author":[{"embeddable":true,"href":"https:\/\/linitiative.ca\/International\/wp-json\/wp\/v2\/users\/1760"}],"replies":[{"embeddable":true,"href":"https:\/\/linitiative.ca\/International\/wp-json\/wp\/v2\/comments?post=112521"}],"version-history":[{"count":0,"href":"https:\/\/linitiative.ca\/International\/wp-json\/wp\/v2\/posts\/112521\/revisions"}],"wp:attachment":[{"href":"https:\/\/linitiative.ca\/International\/wp-json\/wp\/v2\/media?parent=112521"}],"wp:term":[{"taxonomy":"category","embeddable":true,"href":"https:\/\/linitiative.ca\/International\/wp-json\/wp\/v2\/categories?post=112521"},{"taxonomy":"post_tag","embeddable":true,"href":"https:\/\/linitiative.ca\/International\/wp-json\/wp\/v2\/tags?post=112521"}],"curies":[{"name":"wp","href":"https:\/\/api.w.org\/{rel}","templated":true}]}}