{"id":112524,"date":"2021-03-04T11:30:00","date_gmt":"2021-03-04T16:30:00","guid":{"rendered":"https:\/\/linitiative.ca\/International\/lonu-demande-la-fin-des-arrestations-arbitraires-en-algerie\/"},"modified":"2021-03-04T11:30:00","modified_gmt":"2021-03-04T16:30:00","slug":"lonu-demande-la-fin-des-arrestations-arbitraires-en-algerie","status":"publish","type":"post","link":"https:\/\/linitiative.ca\/International\/lonu-demande-la-fin-des-arrestations-arbitraires-en-algerie\/","title":{"rendered":"L&rsquo;ONU demande la fin des arrestations arbitraires en Alg\u00e9rie"},"content":{"rendered":"<div id=\"originalText\" readability=\"90\">\n<p class=\"c6\">Le Haut-Commissariat aux droits de l&rsquo;homme des Nations unies a r\u00e9clam\u00e9 vendredi aux autorit\u00e9s alg\u00e9riennes de mettre imm\u00e9diatement fin aux violences contre des manifestants pacifiques et d&rsquo;arr\u00eater les d\u00e9tentions arbitraires.<\/p>\n<p class=\"c6\">\u00ab\u00a0Nous sommes tr\u00e8s pr\u00e9occup\u00e9s par la d\u00e9t\u00e9rioration de la situation des droits de l&rsquo;homme en Alg\u00e9rie et par la r\u00e9pression continue et croissante contre les membres du mouvement pro-d\u00e9mocratique du Hirak\u00a0\u00bb, a d\u00e9clar\u00e9 Rupert Colville, un porte-parole du Haut-Commissariat lors d&rsquo;un point de presse r\u00e9gulier de l&rsquo;ONU \u00e0 Gen\u00e8ve.<\/p>\n<p class=\"c6\">Le porte-parole a fait \u00e9tat de \u00ab\u00a0rapports cr\u00e9dibles\u00a0\u00bb selon lesquels pr\u00e8s d&rsquo;un millier de personnes ont \u00e9t\u00e9 poursuivies pour avoir particip\u00e9 au mouvement du Hirak ou pour avoir publi\u00e9 des messages critiques \u00e0 l&rsquo;\u00e9gard du gouvernement sur les r\u00e9seaux sociaux mais aussi qu'\u00a0\u00bbau moins 32 individus sont actuellement d\u00e9tenus pour l&rsquo;exercice l\u00e9gitime de leurs droits fondamentaux, et certains d&rsquo;entre eux sont passibles de longues peines, tandis que d&rsquo;autres sont toujours en d\u00e9tention provisoire\u00a0\u00bb.<\/p>\n<p class=\"c6\">Le Haut-Commissariat a aussi re\u00e7u \u00ab\u00a0des all\u00e9gations de torture et de mauvais traitements en d\u00e9tention, y compris de violences sexuelles\u00a0\u00bb. Par cons\u00e9quent, il appelle \u00e0 cesser tout recours \u00e0 la violence contre des manifestants pacifiques et \u00ab\u00a0\u00e0 mettre un terme aux arrestations et d\u00e9tentions arbitraires\u00a0\u00bb.<\/p>\n<p class=\"c6\">Le Haut-Commissariat a toute une s\u00e9rie de demandes pour le gouvernement alg\u00e9rien, \u00e0 commencer par \u00ab\u00a0la lib\u00e9ration imm\u00e9diate et sans condition de toutes les personnes arr\u00eat\u00e9es ou d\u00e9tenues arbitrairement pour leur soutien pr\u00e9sum\u00e9 au Hirak, et \u00e0 abandonner toutes les charges retenues contre elles\u00a0\u00bb.<\/p>\n<p class=\"c6\">L&rsquo;agence onusienne, dirig\u00e9e par Michelle Bachelet, demande aussi des enqu\u00eates \u00ab\u00a0rapides, impartiales et rigoureuses\u00a0\u00bb sur les all\u00e9gations de torture et de mauvais traitements en d\u00e9tention et elle enjoint les autorit\u00e9s alg\u00e9riennes \u00e0 abroger les textes qui sont utilis\u00e9s pour poursuivre des personnes qui ne font qu&rsquo;exprimer leur opinion et exercent leur droit de r\u00e9union pacifique.<\/p>\n<p class=\"c6\">Le Haut-Commissariat accuse les forces de s\u00e9curit\u00e9 alg\u00e9rienne d&rsquo;un usage excessif de la force. Il estime que des centaines d&rsquo;individus ont \u00e9t\u00e9 arr\u00eat\u00e9s depuis la reprise des manifestations le 13 f\u00e9vrier 2021.<\/p>\n<p class=\"c6\">Cette situation fait \u00e9cho \u00e0 ce qui s&rsquo;est produit en 2019 et 2020, lorsqu&rsquo;au moins 2.500 personnes ont \u00e9t\u00e9 arr\u00eat\u00e9es ou d\u00e9tenues dans le cadre de leur engagement pacifique\u00a0\u00bb, souligne t-il.<\/p>\n<p class=\"c6\">De m\u00eame, les proc\u00e9dures p\u00e9nales engag\u00e9es en 2019 et 2020 contre des militants, des d\u00e9fenseurs des droits de l&rsquo;homme, des \u00e9tudiants, des journalistes, des blogueurs et des citoyens ordinaires qui ont exprim\u00e9 leur opposition se sont poursuivies pendant les deux premiers mois de 2021, constate encore l&rsquo;institution onusienne.<\/p>\n<p class=\"c7\"><strong>AFP<\/strong><\/p>\n<\/div>\n<div id=\"text_core\" readability=\"90\">\n<p class=\"c6\">Le Haut-Commissariat aux droits de l&rsquo;homme des Nations unies a r\u00e9clam\u00e9 vendredi aux autorit\u00e9s alg\u00e9riennes de mettre imm\u00e9diatement fin aux violences contre des manifestants pacifiques et d&rsquo;arr\u00eater les d\u00e9tentions arbitraires.<\/p>\n<p class=\"c6\">\u00ab\u00a0Nous sommes tr\u00e8s pr\u00e9occup\u00e9s par la d\u00e9t\u00e9rioration de la situation des droits de l&rsquo;homme en Alg\u00e9rie et par la r\u00e9pression continue et croissante contre les membres du mouvement pro-d\u00e9mocratique du Hirak\u00a0\u00bb, a d\u00e9clar\u00e9 Rupert Colville, un porte-parole du Haut-Commissariat lors d&rsquo;un point de presse r\u00e9gulier de l&rsquo;ONU \u00e0 Gen\u00e8ve.<\/p>\n<p class=\"c6\">Le porte-parole a fait \u00e9tat de \u00ab\u00a0rapports cr\u00e9dibles\u00a0\u00bb selon lesquels pr\u00e8s d&rsquo;un millier de personnes ont \u00e9t\u00e9 poursuivies pour avoir particip\u00e9 au mouvement du Hirak ou pour avoir publi\u00e9 des messages critiques \u00e0 l&rsquo;\u00e9gard du gouvernement sur les r\u00e9seaux sociaux mais aussi qu'\u00a0\u00bbau moins 32 individus sont actuellement d\u00e9tenus pour l&rsquo;exercice l\u00e9gitime de leurs droits fondamentaux, et certains d&rsquo;entre eux sont passibles de longues peines, tandis que d&rsquo;autres sont toujours en d\u00e9tention provisoire\u00a0\u00bb.<\/p>\n<p class=\"c6\">Le Haut-Commissariat a aussi re\u00e7u \u00ab\u00a0des all\u00e9gations de torture et de mauvais traitements en d\u00e9tention, y compris de violences sexuelles\u00a0\u00bb. Par cons\u00e9quent, il appelle \u00e0 cesser tout recours \u00e0 la violence contre des manifestants pacifiques et \u00ab\u00a0\u00e0 mettre un terme aux arrestations et d\u00e9tentions arbitraires\u00a0\u00bb.<\/p>\n<p class=\"c6\">Le Haut-Commissariat a toute une s\u00e9rie de demandes pour le gouvernement alg\u00e9rien, \u00e0 commencer par \u00ab\u00a0la lib\u00e9ration imm\u00e9diate et sans condition de toutes les personnes arr\u00eat\u00e9es ou d\u00e9tenues arbitrairement pour leur soutien pr\u00e9sum\u00e9 au Hirak, et \u00e0 abandonner toutes les charges retenues contre elles\u00a0\u00bb.<\/p>\n<p class=\"c6\">L&rsquo;agence onusienne, dirig\u00e9e par Michelle Bachelet, demande aussi des enqu\u00eates \u00ab\u00a0rapides, impartiales et rigoureuses\u00a0\u00bb sur les all\u00e9gations de torture et de mauvais traitements en d\u00e9tention et elle enjoint les autorit\u00e9s alg\u00e9riennes \u00e0 abroger les textes qui sont utilis\u00e9s pour poursuivre des personnes qui ne font qu&rsquo;exprimer leur opinion et exercent leur droit de r\u00e9union pacifique.<\/p>\n<p class=\"c6\">Le Haut-Commissariat accuse les forces de s\u00e9curit\u00e9 alg\u00e9rienne d&rsquo;un usage excessif de la force. Il estime que des centaines d&rsquo;individus ont \u00e9t\u00e9 arr\u00eat\u00e9s depuis la reprise des manifestations le 13 f\u00e9vrier 2021.<\/p>\n<p class=\"c6\">Cette situation fait \u00e9cho \u00e0 ce qui s&rsquo;est produit en 2019 et 2020, lorsqu&rsquo;au moins 2.500 personnes ont \u00e9t\u00e9 arr\u00eat\u00e9es ou d\u00e9tenues dans le cadre de leur engagement pacifique\u00a0\u00bb, souligne t-il.<\/p>\n<p class=\"c6\">De m\u00eame, les proc\u00e9dures p\u00e9nales engag\u00e9es en 2019 et 2020 contre des militants, des d\u00e9fenseurs des droits de l&rsquo;homme, des \u00e9tudiants, des journalistes, des blogueurs et des citoyens ordinaires qui ont exprim\u00e9 leur opposition se sont poursuivies pendant les deux premiers mois de 2021, constate encore l&rsquo;institution onusienne.<\/p>\n<p class=\"c7\"><strong>AFP<\/strong><\/p>\n<\/div>\n<p>Auteur:<br \/>\n<a href=\"https:\/\/www.liberte-algerie.com\/actualite\/lonu-demande-la-fin-des-arrestations-arbitraires-en-algerie-355043\">Cliquez ici pour lire l&rsquo;article depuis sa source.<\/a><\/p>\n","protected":false},"excerpt":{"rendered":"<p>Le Haut-Commissariat aux droits de l&rsquo;homme des Nations unies a r\u00e9clam\u00e9 vendredi aux autorit\u00e9s alg\u00e9riennes de mettre imm\u00e9diatement fin aux violences contre des manifestants pacifiques et d&rsquo;arr\u00eater les d\u00e9tentions arbitraires. \u00ab\u00a0Nous sommes tr\u00e8s pr\u00e9occup\u00e9s par la d\u00e9t\u00e9rioration de la situation des droits de l&rsquo;homme en Alg\u00e9rie et par la r\u00e9pression continue et croissante contre les [&hellip;]<\/p>\n","protected":false},"author":1742,"featured_media":0,"comment_status":"closed","ping_status":"closed","sticky":false,"template":"","format":"standard","meta":{"fifu_image_url":"","fifu_image_alt":"","footnotes":""},"categories":[73,53],"tags":[],"class_list":["post-112524","post","type-post","status-publish","format-standard","hentry","category-actualite","category-algerie"],"_links":{"self":[{"href":"https:\/\/linitiative.ca\/International\/wp-json\/wp\/v2\/posts\/112524","targetHints":{"allow":["GET"]}}],"collection":[{"href":"https:\/\/linitiative.ca\/International\/wp-json\/wp\/v2\/posts"}],"about":[{"href":"https:\/\/linitiative.ca\/International\/wp-json\/wp\/v2\/types\/post"}],"author":[{"embeddable":true,"href":"https:\/\/linitiative.ca\/International\/wp-json\/wp\/v2\/users\/1742"}],"replies":[{"embeddable":true,"href":"https:\/\/linitiative.ca\/International\/wp-json\/wp\/v2\/comments?post=112524"}],"version-history":[{"count":0,"href":"https:\/\/linitiative.ca\/International\/wp-json\/wp\/v2\/posts\/112524\/revisions"}],"wp:attachment":[{"href":"https:\/\/linitiative.ca\/International\/wp-json\/wp\/v2\/media?parent=112524"}],"wp:term":[{"taxonomy":"category","embeddable":true,"href":"https:\/\/linitiative.ca\/International\/wp-json\/wp\/v2\/categories?post=112524"},{"taxonomy":"post_tag","embeddable":true,"href":"https:\/\/linitiative.ca\/International\/wp-json\/wp\/v2\/tags?post=112524"}],"curies":[{"name":"wp","href":"https:\/\/api.w.org\/{rel}","templated":true}]}}