{"id":112526,"date":"2021-03-05T07:20:37","date_gmt":"2021-03-05T12:20:37","guid":{"rendered":"https:\/\/linitiative.ca\/International\/lamia-chakiri-une-figure-maitresse-du-combat-face-a-la-covid-19\/"},"modified":"2021-03-05T07:20:37","modified_gmt":"2021-03-05T12:20:37","slug":"lamia-chakiri-une-figure-maitresse-du-combat-face-a-la-covid-19","status":"publish","type":"post","link":"https:\/\/linitiative.ca\/International\/lamia-chakiri-une-figure-maitresse-du-combat-face-a-la-covid-19\/","title":{"rendered":"Lamia Chakiri, une \u00ab\u00a0figure ma\u00eetresse\u00a0\u00bb du combat face \u00e0 la Covid-19"},"content":{"rendered":"<div readability=\"36\">\n<p>Par Mohamed KOURSI<br \/>Marrakech \u2013 Elle est, sans conteste, l\u2019une des figures ma\u00eetresses les plus en vue et fortement sollicit\u00e9es dans le combat inlassable face \u00e0 la pand\u00e9mie de la Covid-19 au niveau de la r\u00e9gion de Marrakech-Safi.<\/p>\n<\/div>\n<div readability=\"178\">\n<p>Ses fonctions en tant que Directrice r\u00e9gionale de la Sant\u00e9, un poste de grande responsabilit\u00e9 et des plus sensibles en ces temps de crise sanitaire sur les plans r\u00e9gional et local, ont fait de Mme Lamia Chakiri l\u2019une de ces femmes \u00ab\u00a0h\u00e9ro\u00efnes\u00a0\u00bb, constamment engag\u00e9es en premi\u00e8re ligne pour la lutte contre le nouveau coronavirus.<\/p>\n<p>Source de fiert\u00e9 \u00e0 la t\u00eate d\u2019un personnel m\u00e9dical et param\u00e9dical qui a fait preuve d\u2019un d\u00e9vouement infaillible et eu le m\u00e9rite, en particulier en cette conjoncture exceptionnelle, de conforter l\u2019image et l\u2019engagement ind\u00e9l\u00e9bile des \u00ab\u00a0blouses blanches\u00a0\u00bb au service des citoyens, Mme Chakiri ne passe plus inaper\u00e7ue dans l\u2019une des r\u00e9gions du Royaume les plus touch\u00e9es par cette pand\u00e9mie.<\/p>\n<p>Au cours de cette p\u00e9riode si d\u00e9licate, c\u2019est \u00e0 elle qu\u2019incombe, de par ses fonctions et son poste de responsabilit\u00e9, non seulement la gestion directe de l\u2019ensemble des affaires de la chose m\u00e9dicale et sanitaire sur le plan r\u00e9gional, mais aussi et surtout la supervision, l\u2019encadrement et la canalisation de toutes les actions men\u00e9es dans le cadre de la bataille livr\u00e9e contre la Covid-19.<\/p>\n<p>Bref, l\u2019accueil des patients, la gestion des protocoles d\u2019analyses, l\u2019\u00e9largissement des capacit\u00e9s d\u2019accueil et de prise en charge m\u00e9dicale des cas infect\u00e9s dans les \u00e9tablissements hospitaliers de la r\u00e9gion, c\u2019est bien elle.<\/p>\n<p>M\u00e9thodique et pragmatique dans son travail, Mme Chakiri est du genre \u00e0 parler \u00ab\u00a0cash mais avec s\u00e9r\u00e9nit\u00e9 et bienveillance\u00a0\u00bb, tout en veillant \u00e0 garder le sourire pour mobiliser et motiver ses \u00e9quipes, leur remonter le moral surtout en cette p\u00e9riode marqu\u00e9e par d\u2019\u00e9normes pressions, en vue qu\u2019elles puissent surmonter les obstacles et les probl\u00e8mes rencontr\u00e9s.<\/p>\n<p>Une ann\u00e9e presque apr\u00e8s l\u2019apparition du premier cas d\u2019infection \u00e0 la Covid-19 dans la r\u00e9gion de Marrakech-Safi, son travail, men\u00e9 chaque jour avec abn\u00e9gation et n\u00e9gation de soi, n\u2019a rien perdu de son intensit\u00e9. Certes, les exigences li\u00e9es \u00e0 son poste de responsabilit\u00e9 sont \u00e9prouvantes \u00e0 toutes les \u00e9chelles, mais elle sait puiser au fin fond de ses ressources afin de s\u2019acquitter pleinement de sa noble mission car, pour elle, la s\u00e9curit\u00e9 sanitaire des habitants de l\u2019ensemble de la r\u00e9gion de Marrakech-Safi est une priorit\u00e9 absolue en cette p\u00e9riode.<\/p>\n<p>Bard\u00e9e d\u2019une longue et riche exp\u00e9rience d\u2019une vingtaine d\u2019ann\u00e9es ainsi que de ses dipl\u00f4mes et parcours acad\u00e9miques, cette quadrag\u00e9naire incarne de mani\u00e8re \u00e9loquente l\u2019exemple parfait de ces femmes d\u2019action et de terrain par excellence et engag\u00e9es \u00e0 fond pour s\u2019acquitter, contre vents et mar\u00e9es, de leur mission.<\/p>\n<p>Native d\u2019El Jadida, Mme Chakiri officie \u00e0 la t\u00eate de la Direction r\u00e9gionale du minist\u00e8re de la Sant\u00e9 de Marrakech-Safi depuis 2018. Ses dipl\u00f4mes de m\u00e9decin g\u00e9n\u00e9raliste (Facult\u00e9 de m\u00e9decine de Sousse en Tunisie) et de management en sant\u00e9 publique en poche, elle a d\u00e9but\u00e9 sa carri\u00e8re en 2002 dans le bureau communal d\u2019hygi\u00e8ne \u00e0 Chichaoua (2002-2006), avant d\u2019exercer dans un centre de sant\u00e9 dans la province de Tiznit.<\/p>\n<p>De 2012 \u00e0 2016, elle a assur\u00e9 le poste de d\u00e9l\u00e9gu\u00e9e provinciale de la sant\u00e9 \u00e0 Tiznit avant d\u2019occuper le m\u00eame poste au niveau de la pr\u00e9fecture de Marrakech jusqu\u2019\u00e0 sa nomination \u00e0 la t\u00eate de la Direction r\u00e9gionale de Marrakech-Safi en 2018.<\/p>\n<p>\u00ab\u00a0C\u2019est un grand honneur pour moi en tant que responsable de travailler au cours de cette p\u00e9riode de pand\u00e9mie et de g\u00e9rer cette conjoncture sanitaire exceptionnelle dans une r\u00e9gion aussi importante, qui a connu des situations tr\u00e8s difficiles et des clusters et figure parmi les r\u00e9gions les plus touch\u00e9es en termes de cas positifs enregistr\u00e9s\u00a0\u00bb, a-t-elle confi\u00e9 \u00e0 la MAP.<\/p>\n<p>Une ann\u00e9e environ apr\u00e8s la d\u00e9tection du premier cas (un couple fran\u00e7ais), le 9 mars 2020, \u00e0 l\u2019\u00e9chelle de la r\u00e9gion, la mobilisation et l\u2019action restent de mise pour faire face \u00e0 cette pand\u00e9mie, a-t-elle encha\u00een\u00e9, tout en s\u2019attardant, chiffres \u00e0 l\u2019appui, sur la gestion r\u00e9ussie de cette crise sanitaire au niveau r\u00e9gional qui se r\u00e9sume, pour elle, en quatre principales phases : p\u00e9riode de confinement, celle de d\u00e9-confinement et les p\u00e9riodes post-Aid Al Adha et post-nouvel an).<\/p>\n<p>Elle a, par ailleurs, \u00e9voqu\u00e9 les pr\u00e9paratifs ayant accompagn\u00e9 la campagne vaccinale qui a n\u00e9cessit\u00e9 la mobilisation de toute une logistique et d\u2019importantes ressources humaines, faisant savoir qu\u2019outre l\u2019accueil des cat\u00e9gories cibl\u00e9es dans les stations am\u00e9nag\u00e9es \u00e0 cet effet, les \u00e9quipes m\u00e9dicales et param\u00e9dicales ont commenc\u00e9, il y a une semaine, \u00e0 se d\u00e9placer pour vacciner les personnes tr\u00e8s vuln\u00e9rables, \u00e2g\u00e9es de 85 ans et plus (vaccination \u00e0 domicile) et ce, en \u00e9troite coordination avec les autorit\u00e9s.<\/p>\n<p>Elle a, dans la foul\u00e9e, tenu \u00e0 d\u00e9dier cette r\u00e9ussite de la gestion de cette p\u00e9riode de crise sanitaire induite par la Covid-19 \u00e0 l\u2019ensemble des professionnels de sant\u00e9 (publique et priv\u00e9e), aux staffs de la sant\u00e9 militaire et aux services ext\u00e9rieurs comp\u00e9tents, qui \u00e9taient quotidiennement au front de ce combat face \u00e0 la pand\u00e9mie sur tout le territoire de la r\u00e9gion.<\/p>\n<p>Tout en se disant honor\u00e9e d\u2019\u00eatre \u00e0 la t\u00eate, au niveau r\u00e9gional, de l\u2019un des secteurs les plus sensibles et les plus sollicit\u00e9s aussi bien de la part des fonctionnaires que des partenaires et des populations, Mme Chakiri a soulign\u00e9 que malgr\u00e9 les souffrances endur\u00e9es et les sacrifices consentis au quotidien en tant que femme dans la gestion d\u2019un domaine qui requiert une mobilisation constante et une enti\u00e8re disponibilit\u00e9 de jour comme de nuit, \u00ab\u00a0je me trouvais dans l\u2019obligation de toujours garder le sourire pour apaiser les tensions et remonter le moral aux \u00e9quipes, surtout en cette p\u00e9riode, pour que les professionnels de sant\u00e9 puissent transcender tous les obstacles et probl\u00e8mes rencontr\u00e9s\u00a0\u00bb.<\/p>\n<p>D\u2019autre part, Mme Chakiri n\u2019a pas manqu\u00e9, \u00e0 l\u2019occasion de la Journ\u00e9e internationale de la femme, de rendre un hommage appuy\u00e9 aux \u00ab\u00a0militantes\u00a0\u00bb et \u00ab\u00a0chevilles ouvri\u00e8res\u00a0\u00bb du secteur et aux professionnelles de la sant\u00e9, qui \u00ab\u00a0m\u00e9ritent d\u2019\u00eatre c\u00e9l\u00e9br\u00e9es et honor\u00e9es\u00a0\u00bb pour le travail assidu accompli et l\u2019effort colossal consenti durant cette conjoncture exceptionnelle.<\/p>\n<p>Elle a conclu en rendant \u00e9galement un vibrant hommage \u00e0 la m\u00e9moire des diff\u00e9rentes victimes, notamment les femmes de la sant\u00e9 et celles ayant perdu la vie \u00e0 l\u2019\u00e9chelle mondiale, nationale, r\u00e9gionale et locale, des suites de leur contamination par la Covid-19.<\/p>\n<\/div>\n<p>Auteur: Meriem IGASS<br \/>\n<a href=\"http:\/\/www.mapmarrakech.ma\/fr\/lamia-chakiri-une-figure-maitresse-du-combat-face-a-la-covid-19\/\">Cliquez ici pour lire l&rsquo;article depuis sa source.<\/a><\/p>\n","protected":false},"excerpt":{"rendered":"<p>Par Mohamed KOURSIMarrakech \u2013 Elle est, sans conteste, l\u2019une des figures ma\u00eetresses les plus en vue et fortement sollicit\u00e9es dans le combat inlassable face \u00e0 la pand\u00e9mie de la Covid-19 au niveau de la r\u00e9gion de Marrakech-Safi. Ses fonctions en tant que Directrice r\u00e9gionale de la Sant\u00e9, un poste de grande responsabilit\u00e9 et des plus [&hellip;]<\/p>\n","protected":false},"author":1788,"featured_media":0,"comment_status":"closed","ping_status":"closed","sticky":false,"template":"","format":"standard","meta":{"fifu_image_url":"","fifu_image_alt":"","footnotes":""},"categories":[54,76],"tags":[],"class_list":["post-112526","post","type-post","status-publish","format-standard","hentry","category-maroc","category-regions"],"_links":{"self":[{"href":"https:\/\/linitiative.ca\/International\/wp-json\/wp\/v2\/posts\/112526","targetHints":{"allow":["GET"]}}],"collection":[{"href":"https:\/\/linitiative.ca\/International\/wp-json\/wp\/v2\/posts"}],"about":[{"href":"https:\/\/linitiative.ca\/International\/wp-json\/wp\/v2\/types\/post"}],"author":[{"embeddable":true,"href":"https:\/\/linitiative.ca\/International\/wp-json\/wp\/v2\/users\/1788"}],"replies":[{"embeddable":true,"href":"https:\/\/linitiative.ca\/International\/wp-json\/wp\/v2\/comments?post=112526"}],"version-history":[{"count":0,"href":"https:\/\/linitiative.ca\/International\/wp-json\/wp\/v2\/posts\/112526\/revisions"}],"wp:attachment":[{"href":"https:\/\/linitiative.ca\/International\/wp-json\/wp\/v2\/media?parent=112526"}],"wp:term":[{"taxonomy":"category","embeddable":true,"href":"https:\/\/linitiative.ca\/International\/wp-json\/wp\/v2\/categories?post=112526"},{"taxonomy":"post_tag","embeddable":true,"href":"https:\/\/linitiative.ca\/International\/wp-json\/wp\/v2\/tags?post=112526"}],"curies":[{"name":"wp","href":"https:\/\/api.w.org\/{rel}","templated":true}]}}