{"id":112527,"date":"2021-03-05T07:38:04","date_gmt":"2021-03-05T12:38:04","guid":{"rendered":"https:\/\/linitiative.ca\/International\/fatima-bouchoua-une-alliance-entre-medecine-et-action-associative\/"},"modified":"2021-03-05T07:38:04","modified_gmt":"2021-03-05T12:38:04","slug":"fatima-bouchoua-une-alliance-entre-medecine-et-action-associative","status":"publish","type":"post","link":"https:\/\/linitiative.ca\/International\/fatima-bouchoua-une-alliance-entre-medecine-et-action-associative\/","title":{"rendered":"Fatima Bouchoua, une alliance entre m\u00e9decine et action associative"},"content":{"rendered":"<div readability=\"39\">\n<p>Par Rida SEKKAT<br \/>Marrakech \u2013 Native de Rabat en 1965, Mme Fatima Bouchoua, qui assume de la plus belle des mani\u00e8res la double casquette de m\u00e9decin et d\u2019actrice associative et des droits de l\u2019Homme, repr\u00e9sente l\u2019exemple parfait de la femme marocaine ayant marqu\u00e9 de sa pr\u00e9sence distingu\u00e9e le champ d\u2019exercice de sa profession, sans pour autant laisser pour compte sa grande passion pour l\u2019action associative et dans le domaine des droits humains.<\/p>\n<\/div>\n<div readability=\"149\">\n<p>A l\u2019instar de nombreuses de ses concitoyennes qui excellent dans leur domaine de pr\u00e9dilection et font montre d\u2019une d\u00e9termination, d\u2019une force de caract\u00e8re et d\u2019une pers\u00e9v\u00e9rance in\u00e9branlables, Mme Bouchoua, tout en poursuivant avec confiance sa carri\u00e8re professionnelle et en s\u2019investissant pleinement pour s\u2019acquitter de sa noble mission, continue aussi de s\u2019illustrer avec brio dans les autres champs d\u2019activit\u00e9s relevant de ses centres d\u2019int\u00e9r\u00eat \u00e0 Marrakech, afin de contribuer, \u00e0 son \u00e9chelle, au rayonnement de l\u2019image de la cit\u00e9 ocre et du Royaume.<\/p>\n<p>La pr\u00e9sence tr\u00e8s remarquable de Mme Bouchoua ne cesse, d\u2019ailleurs, d\u2019\u00eatre salu\u00e9e, dans la ville imp\u00e9riale, par les diff\u00e9rentes sensibilit\u00e9s locales qui ne tarissent pas d\u2019\u00e9loges \u00e0 son endroit, en tant que femme connue pour son engagement infaillible, son d\u00e9vouement sans limites et la mise \u00e0 contribution de ses innombrables comp\u00e9tences et talents confirm\u00e9s pour traduire ses id\u00e9es en des actions grav\u00e9es \u00e0 jamais dans la m\u00e9moire collective de la cit\u00e9 ocre.<\/p>\n<p>Mme Bouchoua a fait ses d\u00e9buts en m\u00e9decine, un domaine auquel elle s\u2019est int\u00e9ress\u00e9e juste pour exaucer la volont\u00e9 de son p\u00e8re, et dans l\u2019action associative, apr\u00e8s l\u2019ach\u00e8vement de ses \u00e9tudes en France o\u00f9 elle s\u2019est sp\u00e9cialis\u00e9e dans les maladies ORL. Elle \u00e9tait, d\u2019ailleurs, parmi les premi\u00e8res femmes ayant exerc\u00e9 dans ce domaine dans diff\u00e9rents \u00e9tablissements hospitaliers publics \u00e0 Marrakech, Chichaoua et Al Haouz.<\/p>\n<p>Sa pers\u00e9v\u00e9rance et son implication inalt\u00e9rable dans de nombreuses initiatives ont fait d\u2019elle un mod\u00e8le de femme ayant r\u00e9ussi \u00e0 s\u2019imposer, \u00e0 d\u00e9montrer sa capacit\u00e9 \u00e0 relever tous les d\u00e9fis et \u00e0 s\u2019illustrer dans divers champs inh\u00e9rents aux questions de la femme et \u00e0 l\u2019action associative et dans le domaine des droits de l\u2019Homme au niveau de la ville de Marrakech.<\/p>\n<p>Titulaire d\u2019un baccalaur\u00e9at en sciences exp\u00e9rimentales en 1984 \u00e0 Rabat et d\u2019un doctorat en m\u00e9decine g\u00e9n\u00e9rale de la Facult\u00e9 de m\u00e9decine et de pharmacie relevant de l\u2019Universit\u00e9 Mohammed V, et dipl\u00f4m\u00e9e de la Facult\u00e9 de m\u00e9decine de Nancy (France), en tant que sp\u00e9cialiste en Oto-Rhino-Laryngologie (ORL), Mme Bouchoua a choisi de se frayer son propre chemin en d\u00e9pit des contraintes et difficult\u00e9s auxquelles elle \u00e9tait confront\u00e9e et ce, \u00e0 travers sa participation \u00e0 de nombreuses campagnes m\u00e9dicales, \u00e0 titre b\u00e9n\u00e9vole, dans les provinces et communes rurales jouxtant la cit\u00e9 ocre.<\/p>\n<p>Malgr\u00e9 ses autres occupations li\u00e9es \u00e0 la recherche m\u00e9dicale, l\u2019action associative et dans le domaine des droits de l\u2019Homme demeure l\u2019un des principaux points forts de la carri\u00e8re de Fatima Bouchoua, qui a sacrifi\u00e9 une partie de sa vie pour servir la population du monde rural, \u00e0 travers son engagement aux c\u00f4t\u00e9s de ses coll\u00e8gues afin de satisfaire les besoins des habitants, notamment dans le domaine de la sant\u00e9, sans oublier sa pr\u00e9sence au sein de diverses associations f\u00e9minines.<\/p>\n<p>Dans une d\u00e9claration \u00e0 la MAP, Mme Bouchoua a indiqu\u00e9 que son militantisme au sein d\u2019associations estudiantines durant ses \u00e9tudes universitaires lui a permis de prendre connaissance et de s\u2019int\u00e9resser davantage aux questions des femmes.<\/p>\n<p>Evoquant l\u2019exp\u00e9rience de ses \u00e9tudes \u00e0 l\u2019\u00e9tranger, elle a pr\u00e9cis\u00e9 qu\u2019apr\u00e8s sa nomination \u00e0 la t\u00eate du service ORL de l\u2019h\u00f4pital El Antaki \u00e0 Marrakech, elle s\u2019est engag\u00e9e dans un ensemble d\u2019initiatives visant \u00e0 d\u00e9velopper le travail au sein de cet \u00e9tablissement de sant\u00e9, expliquant que ces actions humanitaires, men\u00e9es en partenariat avec des associations fran\u00e7aises de la ville de Rouen, consistaient en la r\u00e9alisation de nombreuses op\u00e9rations chirurgicales et l\u2019organisation de sessions de formation et de campagnes m\u00e9dicales et de sensibilisation \u00e0 l\u2019importance de la sant\u00e9, au profit des enfants des \u00e9coles en milieu rural.<\/p>\n<p>Mme Bouchoua continue inlassablement son action infatigable sur les plans associatif et des droits de l\u2019Homme, dans l\u2019espoir de changer les st\u00e9r\u00e9otypes autour du statut de la femme et ce, en menant une s\u00e9rie d\u2019actions de sensibilisation en vue de d\u00e9construire cette culture traditionnelle dominante qui emp\u00eache de mettre en \u00e9vidence la v\u00e9ritable condition de la gent f\u00e9minine.<\/p>\n<p>S\u2019agissant de la c\u00e9l\u00e9bration de la Journ\u00e9e internationale de la femme, elle a soulign\u00e9 qu\u2019il s\u2019agit d\u2019une occasion pour se rappeler les nombreuses r\u00e9alisations des femmes et \u00e9valuer leurs exp\u00e9riences dans divers domaines, ainsi que pour mettre en valeur l\u2019image id\u00e9ale de la femme, en g\u00e9n\u00e9ral, et de celle Marocaine, en particulier, et son engagement effectif et efficient dans le processus de d\u00e9veloppement social et sa contribution agissante aux acquis majeurs r\u00e9alis\u00e9s \u00e0 tous les niveaux.<\/p>\n<p>Et de poursuivre que malgr\u00e9 certains progr\u00e8s enregistr\u00e9s durant la derni\u00e8re d\u00e9cennie en faveur de la femme marocaine dans tous les secteurs, cette derni\u00e8re aspire toujours \u00e0 r\u00e9aliser d\u2019autres performances \u00e0 m\u00eame de satisfaire toutes ses ambitions.<\/p>\n<p>Mme Bouchoua a, dans ce sens, not\u00e9 que les dispositions de la Constitution garantissent de nombreux droits ayant trait \u00e0 cette frange de la soci\u00e9t\u00e9, notamment ceux li\u00e9s \u00e0 l\u2019\u00e9galit\u00e9 entre les deux sexes dans tous les droits et \u00e0 la parit\u00e9, le rejet de toute discrimination fond\u00e9e sur le sexe, et la pr\u00e9\u00e9minence des chartes internationales des droits humains ainsi que l\u2019adaptation de la l\u00e9gislation nationale \u00e0 ces instruments.<\/p>\n<p>A la faveur donc de son exp\u00e9rience, de sa riche carri\u00e8re professionnelle et de son int\u00e9r\u00eat intarissable \u00e0 l\u2019action associative et dans le domaine des droits humains, Fatima Bouchoua demeure un mod\u00e8le \u00e9loquent de la femme marocaine militante, qui a d\u00e9montr\u00e9 sa capacit\u00e9 \u00e0 atteindre l\u2019excellence, \u00e0 donner avec g\u00e9n\u00e9rosit\u00e9 et \u00e0 contribuer au d\u00e9veloppement de la soci\u00e9t\u00e9.<\/p>\n<\/div>\n<p>Auteur: Meriem IGASS<br \/>\n<a href=\"http:\/\/www.mapmarrakech.ma\/fr\/fatima-bouchoua-ou-quand-medecine-et-action-associative-sallient-pour-la-bonne-cause\/\">Cliquez ici pour lire l&rsquo;article depuis sa source.<\/a><\/p>\n","protected":false},"excerpt":{"rendered":"<p>Par Rida SEKKATMarrakech \u2013 Native de Rabat en 1965, Mme Fatima Bouchoua, qui assume de la plus belle des mani\u00e8res la double casquette de m\u00e9decin et d\u2019actrice associative et des droits de l\u2019Homme, repr\u00e9sente l\u2019exemple parfait de la femme marocaine ayant marqu\u00e9 de sa pr\u00e9sence distingu\u00e9e le champ d\u2019exercice de sa profession, sans pour autant [&hellip;]<\/p>\n","protected":false},"author":1788,"featured_media":0,"comment_status":"closed","ping_status":"closed","sticky":false,"template":"","format":"standard","meta":{"fifu_image_url":"","fifu_image_alt":"","footnotes":""},"categories":[54,76],"tags":[],"class_list":["post-112527","post","type-post","status-publish","format-standard","hentry","category-maroc","category-regions"],"_links":{"self":[{"href":"https:\/\/linitiative.ca\/International\/wp-json\/wp\/v2\/posts\/112527","targetHints":{"allow":["GET"]}}],"collection":[{"href":"https:\/\/linitiative.ca\/International\/wp-json\/wp\/v2\/posts"}],"about":[{"href":"https:\/\/linitiative.ca\/International\/wp-json\/wp\/v2\/types\/post"}],"author":[{"embeddable":true,"href":"https:\/\/linitiative.ca\/International\/wp-json\/wp\/v2\/users\/1788"}],"replies":[{"embeddable":true,"href":"https:\/\/linitiative.ca\/International\/wp-json\/wp\/v2\/comments?post=112527"}],"version-history":[{"count":0,"href":"https:\/\/linitiative.ca\/International\/wp-json\/wp\/v2\/posts\/112527\/revisions"}],"wp:attachment":[{"href":"https:\/\/linitiative.ca\/International\/wp-json\/wp\/v2\/media?parent=112527"}],"wp:term":[{"taxonomy":"category","embeddable":true,"href":"https:\/\/linitiative.ca\/International\/wp-json\/wp\/v2\/categories?post=112527"},{"taxonomy":"post_tag","embeddable":true,"href":"https:\/\/linitiative.ca\/International\/wp-json\/wp\/v2\/tags?post=112527"}],"curies":[{"name":"wp","href":"https:\/\/api.w.org\/{rel}","templated":true}]}}