{"id":112528,"date":"2021-03-05T07:52:29","date_gmt":"2021-03-05T12:52:29","guid":{"rendered":"https:\/\/linitiative.ca\/International\/inauguration-de-lexposition-le-maroc-richesses-et-diversites\/"},"modified":"2021-03-05T07:52:29","modified_gmt":"2021-03-05T12:52:29","slug":"inauguration-de-lexposition-le-maroc-richesses-et-diversites","status":"publish","type":"post","link":"https:\/\/linitiative.ca\/International\/inauguration-de-lexposition-le-maroc-richesses-et-diversites\/","title":{"rendered":"Inauguration de l\u2019exposition \u00ab Le Maroc : Richesses et Diversit\u00e9s \u00bb"},"content":{"rendered":"<p><iframe loading=\"lazy\" width=\"1170\" height=\"658\" src=\"https:\/\/www.youtube.com\/embed\/R01cJ4AR7i4?feature=oembed\" frameborder=\"0\" allow=\"accelerometer; autoplay; clipboard-write; encrypted-media; gyroscope; picture-in-picture\" allowfullscreen=\"allowfullscreen\">[embedded content]<\/iframe><\/p>\n<div class=\"single-post-excerpt post-excerpt-bc\" readability=\"41\">\n<p>L\u2019inauguration de l\u2019exposition \u00ab Le Maroc : Richesses et Diversit\u00e9s, Regards sur notre patrimoine \u00bb, qui propose un parcours chronologique retra\u00e7ant 2.000 ans d\u2019histoire sur plusieurs sections th\u00e9matiques : le bronze, les bijoux, le patrimoine jud\u00e9o-marocain, la c\u00e9ramique et les arts de l\u2019Islam, a eu lieu jeudi au Mus\u00e9e des Confluences- Dar El Bacha \u00e0 Marrakech.<\/p>\n<\/div>\n<p>Auteur: Meriem IGASS<br \/>\n<a href=\"http:\/\/www.mapmarrakech.ma\/fr\/inauguration-de-lexposition-le-maroc-richesses-et-diversites-2\/\">Cliquez ici pour lire l&rsquo;article depuis sa source.<\/a><\/p>\n","protected":false},"excerpt":{"rendered":"<p>[embedded content] L\u2019inauguration de l\u2019exposition \u00ab Le Maroc : Richesses et Diversit\u00e9s, Regards sur notre patrimoine \u00bb, qui propose un parcours chronologique retra\u00e7ant 2.000 ans d\u2019histoire sur plusieurs sections th\u00e9matiques : le bronze, les bijoux, le patrimoine jud\u00e9o-marocain, la c\u00e9ramique et les arts de l\u2019Islam, a eu lieu jeudi au Mus\u00e9e des Confluences- Dar El [&hellip;]<\/p>\n","protected":false},"author":1788,"featured_media":0,"comment_status":"closed","ping_status":"closed","sticky":false,"template":"","format":"standard","meta":{"fifu_image_url":"","fifu_image_alt":"","footnotes":""},"categories":[54,76],"tags":[],"class_list":["post-112528","post","type-post","status-publish","format-standard","hentry","category-maroc","category-regions"],"_links":{"self":[{"href":"https:\/\/linitiative.ca\/International\/wp-json\/wp\/v2\/posts\/112528","targetHints":{"allow":["GET"]}}],"collection":[{"href":"https:\/\/linitiative.ca\/International\/wp-json\/wp\/v2\/posts"}],"about":[{"href":"https:\/\/linitiative.ca\/International\/wp-json\/wp\/v2\/types\/post"}],"author":[{"embeddable":true,"href":"https:\/\/linitiative.ca\/International\/wp-json\/wp\/v2\/users\/1788"}],"replies":[{"embeddable":true,"href":"https:\/\/linitiative.ca\/International\/wp-json\/wp\/v2\/comments?post=112528"}],"version-history":[{"count":0,"href":"https:\/\/linitiative.ca\/International\/wp-json\/wp\/v2\/posts\/112528\/revisions"}],"wp:attachment":[{"href":"https:\/\/linitiative.ca\/International\/wp-json\/wp\/v2\/media?parent=112528"}],"wp:term":[{"taxonomy":"category","embeddable":true,"href":"https:\/\/linitiative.ca\/International\/wp-json\/wp\/v2\/categories?post=112528"},{"taxonomy":"post_tag","embeddable":true,"href":"https:\/\/linitiative.ca\/International\/wp-json\/wp\/v2\/tags?post=112528"}],"curies":[{"name":"wp","href":"https:\/\/api.w.org\/{rel}","templated":true}]}}