{"id":112530,"date":"2021-03-05T11:14:25","date_gmt":"2021-03-05T16:14:25","guid":{"rendered":"https:\/\/linitiative.ca\/International\/saoud-naima-ou-lengagement-au-service-de-la-sante-des-populations\/"},"modified":"2021-03-05T11:14:25","modified_gmt":"2021-03-05T16:14:25","slug":"saoud-naima-ou-lengagement-au-service-de-la-sante-des-populations","status":"publish","type":"post","link":"https:\/\/linitiative.ca\/International\/saoud-naima-ou-lengagement-au-service-de-la-sante-des-populations\/","title":{"rendered":"Saoud Naima ou l\u2019engagement au service de la sant\u00e9 des populations"},"content":{"rendered":"<p><!--<![endif]--><br \/>\n\t<head><br \/>\n\t\t\t\t<meta charset=\"UTF-8\"\/><br \/>\n\t\t<meta http-equiv=\"X-UA-Compatible\" content=\"IE=edge\"\/><br \/>\n\t\t<meta name=\"viewport\" content=\"width=device-width, initial-scale=1.0\"\/>\n\t\t<link rel=\"pingback\" href=\"http:\/\/www.mapmarrakech.ma\/xmlrpc.php\"\/>\n<p>\t\t<title>Saoud Naima ou l\u2019engagement au service de la sant\u00e9 des populations &#8211; MapMarrakech<\/title><\/p>\n<p><!-- This site is optimized with the Yoast SEO plugin v8.4 - https:\/\/yoast.com\/wordpress\/plugins\/seo\/ -->\n<link rel=\"canonical\" href=\"http:\/\/www.mapmarrakech.ma\/fr\/saoud-naima-ou-lengagement-au-service-de-la-sante-des-populations-2\/\"\/>\n<meta property=\"og:locale\" content=\"fr_FR\"\/><br \/>\n<meta property=\"og:locale:alternate\" content=\"ar_AR\"\/><br \/>\n<meta property=\"og:type\" content=\"article\"\/><br \/>\n<meta property=\"og:title\" content=\"Saoud Naima ou l\u2019engagement au service de la sant\u00e9 des populations - MapMarrakech\"\/><br \/>\n<meta property=\"og:description\" content=\"Sereine et omnipr\u00e9sente avec un sourire l\u00e9g\u00e8rement trac\u00e9 sur le visage, Mme Naima Saoud fait de l\u2019engagement permanent et renouvel\u00e9 au service de la sant\u00e9 des populations rurales sa devise au quotidien.\"\/><br \/>\n<meta property=\"og:url\" content=\"http:\/\/www.mapmarrakech.ma\/fr\/saoud-naima-ou-lengagement-au-service-de-la-sante-des-populations-2\/\"\/><br \/>\n<meta property=\"og:site_name\" content=\"MapMarrakech\"\/><br \/>\n<meta property=\"article:section\" content=\"Vid\u00e9os\"\/><br \/>\n<meta property=\"article:published_time\" content=\"2021-03-05T16:14:25+00:00\"\/><br \/>\n<meta property=\"og:image\" content=\"http:\/\/www.mapmarrakech.ma\/map\/uploads\/2021\/03\/video-chicha.jpg\"\/><br \/>\n<meta property=\"og:image:width\" content=\"750\"\/><br \/>\n<meta property=\"og:image:height\" content=\"430\"\/><br \/>\n<meta name=\"twitter:card\" content=\"summary_large_image\"\/><br \/>\n<meta name=\"twitter:description\" content=\"Sereine et omnipr\u00e9sente avec un sourire l\u00e9g\u00e8rement trac\u00e9 sur le visage, Mme Naima Saoud fait de l\u2019engagement permanent et renouvel\u00e9 au service de la sant\u00e9 des populations rurales sa devise au quotidien.\"\/><br \/>\n<meta name=\"twitter:title\" content=\"Saoud Naima ou l\u2019engagement au service de la sant\u00e9 des populations - MapMarrakech\"\/><br \/>\n<meta name=\"twitter:image\" content=\"http:\/\/www.mapmarrakech.ma\/map\/uploads\/2021\/03\/video-chicha.jpg\"\/><br \/>\n<!-- \/ Yoast SEO plugin. --><\/p>\n<link rel=\"dns-prefetch\" href=\"\/\/s.w.org\"\/>\n<link rel=\"alternate\" type=\"application\/rss+xml\" title=\"MapMarrakech \u00bb Flux\" href=\"http:\/\/www.mapmarrakech.ma\/fr\/feed\/\"\/>\n<link rel=\"alternate\" type=\"application\/rss+xml\" title=\"MapMarrakech \u00bb Flux des commentaires\" href=\"http:\/\/www.mapmarrakech.ma\/fr\/comments\/feed\/\"\/>\n<link rel=\"stylesheet\" id=\"contact-form-7-css\" href=\"http:\/\/www.mapmarrakech.ma\/map\/plugins\/contact-form-7\/includes\/css\/styles.css?ver=5.0.2\" type=\"text\/css\" media=\"all\"\/>\n<link rel=\"stylesheet\" id=\"font-awesome-css\" href=\"http:\/\/www.mapmarrakech.ma\/map\/plugins\/ultimate-carousel-for-visual-composer\/\/css\/css\/font-awesome.min.css?ver=c9e60762ec605466b36ca07dc86ab46b\" type=\"text\/css\" media=\"all\"\/>\n<link rel=\"stylesheet\" id=\"publisher-child-css\" href=\"http:\/\/www.mapmarrakech.ma\/map\/themes\/publisher-child\/style.css?ver=1.0.0\" type=\"text\/css\" media=\"all\"\/>\n<p><!--[if lt IE 9]>\n<script type='text\/javascript' src='http:\/\/www.mapmarrakech.ma\/map\/plugins\/better-social-counter\/includes\/libs\/better-framework\/assets\/js\/html5shiv.min.js?ver=3.7.2'><\/script>\n<![endif]--><br \/>\n<!--[if lt IE 9]>\n<script type='text\/javascript' src='http:\/\/www.mapmarrakech.ma\/map\/plugins\/better-social-counter\/includes\/libs\/better-framework\/assets\/js\/respond.min.js?ver=3.7.2'><\/script>\n<![endif]-->\n<link rel=\"https:\/\/api.w.org\/\" href=\"http:\/\/www.mapmarrakech.ma\/wp-json\/\"\/>\n<link rel=\"EditURI\" type=\"application\/rsd+xml\" title=\"RSD\" href=\"http:\/\/www.mapmarrakech.ma\/xmlrpc.php?rsd\"\/>\n<link rel=\"wlwmanifest\" type=\"application\/wlwmanifest+xml\" href=\"http:\/\/www.mapmarrakech.ma\/wp-includes\/wlwmanifest.xml\"\/>\n<link rel=\"shortlink\" href=\"http:\/\/www.mapmarrakech.ma\/?p=59698\"\/>\n<link rel=\"alternate\" type=\"application\/json+oembed\" href=\"http:\/\/www.mapmarrakech.ma\/wp-json\/oembed\/1.0\/embed?url=http%3A%2F%2Fwww.mapmarrakech.ma%2Ffr%2Fsaoud-naima-ou-lengagement-au-service-de-la-sante-des-populations-2%2F\"\/>\n<link rel=\"alternate\" type=\"text\/xml+oembed\" href=\"http:\/\/www.mapmarrakech.ma\/wp-json\/oembed\/1.0\/embed?url=http%3A%2F%2Fwww.mapmarrakech.ma%2Ffr%2Fsaoud-naima-ou-lengagement-au-service-de-la-sante-des-populations-2%2F&amp;format=xml\"\/>\n<link rel=\"alternate\" href=\"http:\/\/www.mapmarrakech.ma\/%d8%a7%d9%84%d8%b3%d9%8a%d8%af%d8%a9-%d8%b3%d8%b9%d9%88%d8%af-%d9%86%d8%b9%d9%8a%d9%85%d8%a9-%d8%a7%d9%84%d8%aa%d8%b2%d8%a7%d9%85-%d8%b1%d8%a7%d8%b3%d8%ae-%d9%81%d9%8a-%d8%ae%d8%af%d9%85%d8%a9-2\/\" hreflang=\"ar\"\/>\n<link rel=\"alternate\" href=\"http:\/\/www.mapmarrakech.ma\/fr\/saoud-naima-ou-lengagement-au-service-de-la-sante-des-populations-2\/\" hreflang=\"fr\"\/>\n<p><!-- Global site tag (gtag.js) - Google Analytics --><\/p>\n<link rel=\"shortcut icon\" href=\"http:\/\/www.mapoujda.ma\/wp-content\/uploads\/2018\/03\/favicon-1.png\"\/>\t\t\t<link rel=\"apple-touch-icon\" href=\"http:\/\/www.mapoujda.ma\/wp-content\/uploads\/2018\/03\/favicon-1.png\"\/><!--[if lte IE 9]><link rel=\"stylesheet\" type=\"text\/css\" href=\"http:\/\/www.mapmarrakech.ma\/map\/plugins\/js_composer\/assets\/css\/vc_lte_ie9.min.css\" media=\"screen\"><![endif]--><\/p>\n<link rel=\"stylesheet\" id=\"bf-minifed-css-1\" href=\"http:\/\/www.mapmarrakech.ma\/map\/bs-booster-cache\/e585f9d0e435a916e340dedc4828fecd.css\" type=\"text\/css\" media=\"all\"\/>\n<link rel=\"stylesheet\" id=\"4.0.0-1614961004\" href=\"http:\/\/www.mapmarrakech.ma\/map\/bs-booster-cache\/eaddf7e1fa93ba4fe188b5af7fd2fd77.css\" type=\"text\/css\" media=\"all\"\/>\n<link rel=\"icon\" href=\"http:\/\/www.mapmarrakech.ma\/map\/uploads\/2018\/05\/cropped-Logo-Marakech-favicon-32x32.png\" sizes=\"32x32\"\/>\n<link rel=\"icon\" href=\"http:\/\/www.mapmarrakech.ma\/map\/uploads\/2018\/05\/cropped-Logo-Marakech-favicon-192x192.png\" sizes=\"192x192\"\/>\n<link rel=\"apple-touch-icon-precomposed\" href=\"http:\/\/www.mapmarrakech.ma\/map\/uploads\/2018\/05\/cropped-Logo-Marakech-favicon-180x180.png\"\/>\n<meta name=\"msapplication-TileImage\" content=\"http:\/\/www.mapmarrakech.ma\/map\/uploads\/2018\/05\/cropped-Logo-Marakech-favicon-270x270.png\"\/><br \/>\n<noscript\/>\t\t<link href=\"http:\/\/www.mapmarrakech.ma\/map\/themes\/publisher\/owl\/owl.theme.default.css\" rel=\"stylesheet\"\/>\n\t\t<link href=\"http:\/\/www.mapmarrakech.ma\/map\/themes\/publisher\/owl\/owl.carousel.min.css\" rel=\"stylesheet\"\/>\n<p>\t\t<!-- AddEvent script --><\/p>\n<p>\t<\/head><\/p>\n<p><body class=\"post-template-default single single-post postid-59698 single-format-video active-light-box active-top-line ltr close-rh page-layout-2-col-right full-width active-sticky-sidebar main-menu-sticky-smart active-ajax-search single-prim-cat-724 single-cat-724 single-cat-734  wpb-js-composer js-comp-ver-5.4.7 vc_responsive bs-ll-a\" dir=\"ltr\" id=\"readabilityBody\"><\/p>\n<div class=\"main-wrap content-main-wrap\">\n\t\t\t<!-- .site-header --><br \/>\n\t<!-- .rh-header --><\/p>\n<nav role=\"navigation\" aria-label=\"Breadcrumbs\" class=\"bf-breadcrumb clearfix bc-top-style\">\n<div class=\"container bf-breadcrumb-container\">\n<ul class=\"bf-breadcrumb-items\" itemscope=\"\" itemtype=\"http:\/\/schema.org\/BreadcrumbList\"><meta name=\"numberOfItems\" content=\"3\"\/><meta name=\"itemListOrder\" content=\"Ascending\"\/><\/p>\n<li itemprop=\"itemListElement\" itemscope=\"\" itemtype=\"http:\/\/schema.org\/ListItem\" class=\"bf-breadcrumb-item bf-breadcrumb-begin\"><a itemprop=\"item\" href=\"http:\/\/www.mapmarrakech.ma\" rel=\"home\"><span itemprop=\"name\">Accueil<\/span><meta itemprop=\"position\" content=\"1\"\/><\/a><\/li>\n<li itemprop=\"itemListElement\" itemscope=\"\" itemtype=\"http:\/\/schema.org\/ListItem\" class=\"bf-breadcrumb-item\"><a itemprop=\"item\" href=\"http:\/\/www.mapmarrakech.ma\/fr\/category\/videos\/\"><span itemprop=\"name\">Vid\u00e9os<\/span><meta itemprop=\"position\" content=\"2\"\/><\/a><\/li>\n<li itemprop=\"itemListElement\" itemscope=\"\" itemtype=\"http:\/\/schema.org\/ListItem\" class=\"bf-breadcrumb-item bf-breadcrumb-end\"><span itemprop=\"name\">Saoud Naima ou l\u2019engagement au service de la sant\u00e9 des populations<\/span><meta itemprop=\"position\" content=\"3\"\/><meta itemprop=\"item\" content=\"http:\/\/www.mapmarrakech.ma\/fr\/saoud-naima-ou-lengagement-au-service-de-la-sante-des-populations-2\/\"\/><\/li>\n<\/ul>\n<\/div>\n<\/nav>\n<p><!-- .content-wrap --><br \/>\n\t<!-- .footer -->\n\t\t<\/div>\n<p><!-- .main-wrap --><br \/>\n\t\t\t<span class=\"back-top\"><i class=\"fa fa-arrow-up\"\/><\/span><\/p>\n<p>\t\t<!--[if lt IE 9]>\n\t\t<script type='text\/javascript'\n\t\t        src='https:\/\/cdnjs.cloudflare.com\/ajax\/libs\/ace\/1.2.8\/ext-old_ie.js'><\/script>\n\t\t<![endif]--><\/p>\n<p><\/body><\/p>\n<p>Auteur: Meriem IGASS<br \/>\n<a href=\"http:\/\/www.mapmarrakech.ma\/fr\/saoud-naima-ou-lengagement-au-service-de-la-sante-des-populations-2\/\">Cliquez ici pour lire l&rsquo;article depuis sa source.<\/a><\/p>\n","protected":false},"excerpt":{"rendered":"<p>Saoud Naima ou l\u2019engagement au service de la sant\u00e9 des populations &#8211; MapMarrakech Accueil Vid\u00e9os Saoud Naima ou l\u2019engagement au service de la sant\u00e9 des populations Auteur: Meriem IGASS Cliquez ici pour lire l&rsquo;article depuis sa source.<\/p>\n","protected":false},"author":1788,"featured_media":0,"comment_status":"closed","ping_status":"closed","sticky":false,"template":"","format":"standard","meta":{"fifu_image_url":"","fifu_image_alt":"","footnotes":""},"categories":[54,76],"tags":[],"class_list":["post-112530","post","type-post","status-publish","format-standard","hentry","category-maroc","category-regions"],"_links":{"self":[{"href":"https:\/\/linitiative.ca\/International\/wp-json\/wp\/v2\/posts\/112530","targetHints":{"allow":["GET"]}}],"collection":[{"href":"https:\/\/linitiative.ca\/International\/wp-json\/wp\/v2\/posts"}],"about":[{"href":"https:\/\/linitiative.ca\/International\/wp-json\/wp\/v2\/types\/post"}],"author":[{"embeddable":true,"href":"https:\/\/linitiative.ca\/International\/wp-json\/wp\/v2\/users\/1788"}],"replies":[{"embeddable":true,"href":"https:\/\/linitiative.ca\/International\/wp-json\/wp\/v2\/comments?post=112530"}],"version-history":[{"count":0,"href":"https:\/\/linitiative.ca\/International\/wp-json\/wp\/v2\/posts\/112530\/revisions"}],"wp:attachment":[{"href":"https:\/\/linitiative.ca\/International\/wp-json\/wp\/v2\/media?parent=112530"}],"wp:term":[{"taxonomy":"category","embeddable":true,"href":"https:\/\/linitiative.ca\/International\/wp-json\/wp\/v2\/categories?post=112530"},{"taxonomy":"post_tag","embeddable":true,"href":"https:\/\/linitiative.ca\/International\/wp-json\/wp\/v2\/tags?post=112530"}],"curies":[{"name":"wp","href":"https:\/\/api.w.org\/{rel}","templated":true}]}}