{"id":112532,"date":"2021-03-05T11:03:37","date_gmt":"2021-03-05T16:03:37","guid":{"rendered":"https:\/\/linitiative.ca\/International\/loi-cadre-51-17-suivi-de-lexecution-du-plan-daction-regional\/"},"modified":"2021-03-05T11:03:37","modified_gmt":"2021-03-05T16:03:37","slug":"loi-cadre-51-17-suivi-de-lexecution-du-plan-daction-regional","status":"publish","type":"post","link":"https:\/\/linitiative.ca\/International\/loi-cadre-51-17-suivi-de-lexecution-du-plan-daction-regional\/","title":{"rendered":"Loi-cadre 51.17: Suivi de l\u2019ex\u00e9cution du plan d\u2019action r\u00e9gional"},"content":{"rendered":"<div class=\"single-featured\"><img alt=\"\" data-src=\"http:\/\/www.mapoujda.ma\/map\/uploads\/2021\/03\/R\u00e9union-du-comit\u00e9-directeur-r\u00e9gional-de-l\u2019AREF-750\u00d7430-DR.jpg\"\/><\/div>\n<div class=\"entry-content clearfix single-post-content\" readability=\"53\">\n<p class=\"c4\">Le si\u00e8ge de l\u2019Acad\u00e9mie r\u00e9gionale d\u2019\u00e9ducation et de formation (AREF) de l\u2019Oriental a accueilli r\u00e9cemment la r\u00e9union du comit\u00e9 directeur r\u00e9gional de l\u2019AREF, d\u00e9di\u00e9e au suivi de l\u2019ex\u00e9cution du plan d\u2019action r\u00e9gional pluriannuel 2021-2023.<\/p>\n<p class=\"c4\">Cette r\u00e9union, pr\u00e9sid\u00e9e par le directeur de l\u2019AREF de l\u2019Oriental, Mohamed Dib, s\u2019inscrit dans le cadre de la mise en \u0153uvre au niveau r\u00e9gional des dispositions de la loi cadre 51.17 relatives au syst\u00e8me de l\u2019\u00e9ducation, de la formation et de la recherche scientifique, et a mis la lumi\u00e8re en particulier sur l\u2019\u00e9tat de l\u2019ex\u00e9cution du plan d\u2019action r\u00e9gional au titre de 2021.<\/p>\n<p class=\"c4\">Intervenant \u00e0 cette occasion, M. Dib a appel\u00e9 \u00e0 capitaliser sur les acquis, \u00e0 g\u00e9rer de mani\u00e8re proactive les op\u00e9rations de mise en \u0153uvre des projets et \u00e0 assurer un suivi permanent de leur ex\u00e9cution, en vue de tenir les engagements en termes de qualit\u00e9, d\u2019efficacit\u00e9 et d\u2019efficience.<\/p>\n<\/div>\n<p>Auteur: Soufiane ELAHMAR<br \/>\n<a href=\"http:\/\/www.mapoujda.ma\/fr\/loi-cadre-51-17-suivi-de-lexecution-du-plan-daction-regional\/\">Cliquez ici pour lire l&rsquo;article depuis sa source.<\/a><\/p>\n","protected":false},"excerpt":{"rendered":"<p>Le si\u00e8ge de l\u2019Acad\u00e9mie r\u00e9gionale d\u2019\u00e9ducation et de formation (AREF) de l\u2019Oriental a accueilli r\u00e9cemment la r\u00e9union du comit\u00e9 directeur r\u00e9gional de l\u2019AREF, d\u00e9di\u00e9e au suivi de l\u2019ex\u00e9cution du plan d\u2019action r\u00e9gional pluriannuel 2021-2023. Cette r\u00e9union, pr\u00e9sid\u00e9e par le directeur de l\u2019AREF de l\u2019Oriental, Mohamed Dib, s\u2019inscrit dans le cadre de la mise en \u0153uvre [&hellip;]<\/p>\n","protected":false},"author":1788,"featured_media":0,"comment_status":"closed","ping_status":"closed","sticky":false,"template":"","format":"standard","meta":{"fifu_image_url":"http:\/\/www.mapoujda.ma\/map\/uploads\/2021\/03\/R\u00e9union-du-comit\u00e9-directeur-r\u00e9gional-de-l\u2019AREF-750\u00d7430-DR.jpg","fifu_image_alt":"Loi-cadre 51.17: Suivi de l\u2019ex\u00e9cution du plan d\u2019action r\u00e9gional","footnotes":""},"categories":[54,76],"tags":[],"class_list":["post-112532","post","type-post","status-publish","format-standard","hentry","category-maroc","category-regions"],"_links":{"self":[{"href":"https:\/\/linitiative.ca\/International\/wp-json\/wp\/v2\/posts\/112532","targetHints":{"allow":["GET"]}}],"collection":[{"href":"https:\/\/linitiative.ca\/International\/wp-json\/wp\/v2\/posts"}],"about":[{"href":"https:\/\/linitiative.ca\/International\/wp-json\/wp\/v2\/types\/post"}],"author":[{"embeddable":true,"href":"https:\/\/linitiative.ca\/International\/wp-json\/wp\/v2\/users\/1788"}],"replies":[{"embeddable":true,"href":"https:\/\/linitiative.ca\/International\/wp-json\/wp\/v2\/comments?post=112532"}],"version-history":[{"count":0,"href":"https:\/\/linitiative.ca\/International\/wp-json\/wp\/v2\/posts\/112532\/revisions"}],"wp:attachment":[{"href":"https:\/\/linitiative.ca\/International\/wp-json\/wp\/v2\/media?parent=112532"}],"wp:term":[{"taxonomy":"category","embeddable":true,"href":"https:\/\/linitiative.ca\/International\/wp-json\/wp\/v2\/categories?post=112532"},{"taxonomy":"post_tag","embeddable":true,"href":"https:\/\/linitiative.ca\/International\/wp-json\/wp\/v2\/tags?post=112532"}],"curies":[{"name":"wp","href":"https:\/\/api.w.org\/{rel}","templated":true}]}}