{"id":112533,"date":"2021-03-05T11:18:57","date_gmt":"2021-03-05T16:18:57","guid":{"rendered":"https:\/\/linitiative.ca\/International\/rencontre-sur-la-promotion-de-la-scolarisation-les-enfants-handicapes\/"},"modified":"2021-03-05T11:18:57","modified_gmt":"2021-03-05T16:18:57","slug":"rencontre-sur-la-promotion-de-la-scolarisation-les-enfants-handicapes","status":"publish","type":"post","link":"https:\/\/linitiative.ca\/International\/rencontre-sur-la-promotion-de-la-scolarisation-les-enfants-handicapes\/","title":{"rendered":"Rencontre sur la promotion de la scolarisation les enfants handicap\u00e9s"},"content":{"rendered":"<div class=\"single-featured\"><img alt=\"\" data-src=\"http:\/\/www.mapoujda.ma\/map\/uploads\/2021\/03\/Eleve-en-situation-dhandicap-M750\u00d7430-MAP.jpg\"\/><\/div>\n<div class=\"entry-content clearfix single-post-content\" readability=\"53\">\n<p class=\"c4\">L\u2019Acad\u00e9mie r\u00e9gionale d\u2019\u00e9ducation et de formation (AREF) a organis\u00e9, jeudi en mode virtuel, une rencontre r\u00e9gionale de communication sur le projet de promotion de la scolarisation des enfants en situation d\u2019handicap ou \u00e0 besoins sp\u00e9cifiques, avec la participation des institutions et associations partenaires dans le domaine du handicap.<\/p>\n<p class=\"c4\">Cette rencontre s\u2019inscrit dans le cadre des mesures visant \u00e0 renforcer la concertation entre l\u2019ensemble des intervenants et acteurs en mati\u00e8re de scolarisation de cette cat\u00e9gorie, notamment en ce qui concerne l\u2019accompagnement personnel, le suivi m\u00e9dical et param\u00e9dical et le soutien aux familles, et ce dans le but de r\u00e9ussir les programmes d\u00e9ploy\u00e9s dans ce domaine, a indiqu\u00e9 l\u2019AREF.<\/p>\n<p class=\"c4\">Ce webinaire a permis aux associations partenaires de prendre connaissance de la strat\u00e9gie r\u00e9gionale de mise en \u0153uvre de ce projet et du bilan du premier semestre de l\u2019ann\u00e9e scolaire 2020\/2021, en plus des efforts men\u00e9s pour le d\u00e9veloppement de l\u2019offre scolaire destin\u00e9e \u00e0 cette cat\u00e9gorie d\u2019\u00e9l\u00e8ves et les possibilit\u00e9s de partenariats avec les associations en perspective de la rentr\u00e9e scolaire 2021\/2022.<\/p>\n<\/div>\n<p>Auteur: Soufiane ELAHMAR<br \/>\n<a href=\"http:\/\/www.mapoujda.ma\/fr\/rencontre-sur-la-promotion-de-la-scolarisation-les-enfants-handicapes\/\">Cliquez ici pour lire l&rsquo;article depuis sa source.<\/a><\/p>\n","protected":false},"excerpt":{"rendered":"<p>L\u2019Acad\u00e9mie r\u00e9gionale d\u2019\u00e9ducation et de formation (AREF) a organis\u00e9, jeudi en mode virtuel, une rencontre r\u00e9gionale de communication sur le projet de promotion de la scolarisation des enfants en situation d\u2019handicap ou \u00e0 besoins sp\u00e9cifiques, avec la participation des institutions et associations partenaires dans le domaine du handicap. Cette rencontre s\u2019inscrit dans le cadre des [&hellip;]<\/p>\n","protected":false},"author":1788,"featured_media":0,"comment_status":"closed","ping_status":"closed","sticky":false,"template":"","format":"standard","meta":{"fifu_image_url":"http:\/\/www.mapoujda.ma\/map\/uploads\/2021\/03\/Eleve-en-situation-dhandicap-M750\u00d7430-MAP.jpg","fifu_image_alt":"Rencontre sur la promotion de la scolarisation les enfants handicap\u00e9s","footnotes":""},"categories":[54,76],"tags":[],"class_list":["post-112533","post","type-post","status-publish","format-standard","hentry","category-maroc","category-regions"],"_links":{"self":[{"href":"https:\/\/linitiative.ca\/International\/wp-json\/wp\/v2\/posts\/112533","targetHints":{"allow":["GET"]}}],"collection":[{"href":"https:\/\/linitiative.ca\/International\/wp-json\/wp\/v2\/posts"}],"about":[{"href":"https:\/\/linitiative.ca\/International\/wp-json\/wp\/v2\/types\/post"}],"author":[{"embeddable":true,"href":"https:\/\/linitiative.ca\/International\/wp-json\/wp\/v2\/users\/1788"}],"replies":[{"embeddable":true,"href":"https:\/\/linitiative.ca\/International\/wp-json\/wp\/v2\/comments?post=112533"}],"version-history":[{"count":0,"href":"https:\/\/linitiative.ca\/International\/wp-json\/wp\/v2\/posts\/112533\/revisions"}],"wp:attachment":[{"href":"https:\/\/linitiative.ca\/International\/wp-json\/wp\/v2\/media?parent=112533"}],"wp:term":[{"taxonomy":"category","embeddable":true,"href":"https:\/\/linitiative.ca\/International\/wp-json\/wp\/v2\/categories?post=112533"},{"taxonomy":"post_tag","embeddable":true,"href":"https:\/\/linitiative.ca\/International\/wp-json\/wp\/v2\/tags?post=112533"}],"curies":[{"name":"wp","href":"https:\/\/api.w.org\/{rel}","templated":true}]}}