{"id":112534,"date":"2021-03-05T11:38:17","date_gmt":"2021-03-05T16:38:17","guid":{"rendered":"https:\/\/linitiative.ca\/International\/la-cciso-tient-sa-premiere-session-ordinaire-au-titre-de-lannee-2021\/"},"modified":"2021-03-05T11:38:17","modified_gmt":"2021-03-05T16:38:17","slug":"la-cciso-tient-sa-premiere-session-ordinaire-au-titre-de-lannee-2021","status":"publish","type":"post","link":"https:\/\/linitiative.ca\/International\/la-cciso-tient-sa-premiere-session-ordinaire-au-titre-de-lannee-2021\/","title":{"rendered":"La CCISO tient sa premi\u00e8re session ordinaire au titre de l\u2019ann\u00e9e 2021"},"content":{"rendered":"<div class=\"single-featured\"><img alt=\"\" data-src=\"http:\/\/www.mapoujda.ma\/map\/uploads\/2021\/03\/Session-ordinaire-du-CCIS-Oriental-750\u00d7430-DR.jpg\"\/><\/div>\n<div class=\"entry-content clearfix single-post-content\" readability=\"46\">\n<p class=\"c4\">La Chambre de commerce, d\u2019industrie et de services de l\u2019Oriental (CCISO) a organis\u00e9, mercredi \u00e0 Nador et Oujda par visio-conf\u00e9rence, sa premi\u00e8re session ordinaire au titre de l\u2019ann\u00e9e 2021, dans le respect des mesures de pr\u00e9caution visant \u00e0 lutter contre la pand\u00e9mie de la Covid-19.<\/p>\n<p class=\"c4\">Cette session, pr\u00e9sid\u00e9e par le pr\u00e9sident du CCISO, Abdelhafid El Jaroudi en pr\u00e9sence des repr\u00e9sentants de la wilaya de l\u2019Oriental et de chefs de services d\u00e9centralis\u00e9s, a notamment adopt\u00e9 le projet de budget de la Chambre pour l\u2019exercice 2021 ainsi que son plan d\u2019action au titre de la m\u00eame ann\u00e9e.<\/p>\n<\/div>\n<p>Auteur: Soufiane ELAHMAR<br \/>\n<a href=\"http:\/\/www.mapoujda.ma\/fr\/la-cciso-tient-sa-premiere-session-ordinaire-au-titre-de-lannee-2021\/\">Cliquez ici pour lire l&rsquo;article depuis sa source.<\/a><\/p>\n","protected":false},"excerpt":{"rendered":"<p>La Chambre de commerce, d\u2019industrie et de services de l\u2019Oriental (CCISO) a organis\u00e9, mercredi \u00e0 Nador et Oujda par visio-conf\u00e9rence, sa premi\u00e8re session ordinaire au titre de l\u2019ann\u00e9e 2021, dans le respect des mesures de pr\u00e9caution visant \u00e0 lutter contre la pand\u00e9mie de la Covid-19. Cette session, pr\u00e9sid\u00e9e par le pr\u00e9sident du CCISO, Abdelhafid El [&hellip;]<\/p>\n","protected":false},"author":1788,"featured_media":0,"comment_status":"closed","ping_status":"closed","sticky":false,"template":"","format":"standard","meta":{"fifu_image_url":"http:\/\/www.mapoujda.ma\/map\/uploads\/2021\/03\/Session-ordinaire-du-CCIS-Oriental-750\u00d7430-DR.jpg","fifu_image_alt":"La CCISO tient sa premi\u00e8re session ordinaire au titre de l\u2019ann\u00e9e 2021","footnotes":""},"categories":[54,76],"tags":[],"class_list":["post-112534","post","type-post","status-publish","format-standard","hentry","category-maroc","category-regions"],"_links":{"self":[{"href":"https:\/\/linitiative.ca\/International\/wp-json\/wp\/v2\/posts\/112534","targetHints":{"allow":["GET"]}}],"collection":[{"href":"https:\/\/linitiative.ca\/International\/wp-json\/wp\/v2\/posts"}],"about":[{"href":"https:\/\/linitiative.ca\/International\/wp-json\/wp\/v2\/types\/post"}],"author":[{"embeddable":true,"href":"https:\/\/linitiative.ca\/International\/wp-json\/wp\/v2\/users\/1788"}],"replies":[{"embeddable":true,"href":"https:\/\/linitiative.ca\/International\/wp-json\/wp\/v2\/comments?post=112534"}],"version-history":[{"count":0,"href":"https:\/\/linitiative.ca\/International\/wp-json\/wp\/v2\/posts\/112534\/revisions"}],"wp:attachment":[{"href":"https:\/\/linitiative.ca\/International\/wp-json\/wp\/v2\/media?parent=112534"}],"wp:term":[{"taxonomy":"category","embeddable":true,"href":"https:\/\/linitiative.ca\/International\/wp-json\/wp\/v2\/categories?post=112534"},{"taxonomy":"post_tag","embeddable":true,"href":"https:\/\/linitiative.ca\/International\/wp-json\/wp\/v2\/tags?post=112534"}],"curies":[{"name":"wp","href":"https:\/\/api.w.org\/{rel}","templated":true}]}}