{"id":112535,"date":"2021-03-05T11:57:09","date_gmt":"2021-03-05T16:57:09","guid":{"rendered":"https:\/\/linitiative.ca\/International\/session-de-formation-sur-les-prerogatives-des-collectivites-territoriales\/"},"modified":"2021-03-05T11:57:09","modified_gmt":"2021-03-05T16:57:09","slug":"session-de-formation-sur-les-prerogatives-des-collectivites-territoriales","status":"publish","type":"post","link":"https:\/\/linitiative.ca\/International\/session-de-formation-sur-les-prerogatives-des-collectivites-territoriales\/","title":{"rendered":"Session de formation sur les pr\u00e9rogatives des collectivit\u00e9s territoriales"},"content":{"rendered":"<div class=\"single-featured\"><img alt=\"\" data-src=\"http:\/\/www.mapoujda.ma\/map\/uploads\/2021\/03\/session-de-formation-organis\u00e9e-par-lassociation-AMAD-750\u00d7430-DR.jpg\"\/><\/div>\n<div class=\"entry-content clearfix single-post-content\" readability=\"54\">\n<p class=\"c4\">L\u2019Association marocaine pour l\u2019action de d\u00e9veloppement (AMAD) organise, les 5 et 6 mars courant, une session de formation sur les pr\u00e9rogatives des collectivit\u00e9s territoriales, au profit des associations b\u00e9n\u00e9ficiaires du projet \u00abRenforcement de la participation citoyenne des jeunes de la pr\u00e9fecture d\u2019Oujda-Angad dans le processus de gestion de la chose publique locale\u00bb.<\/p>\n<p class=\"c4\">Ce projet est financ\u00e9 par l\u2019Union europ\u00e9enne \u00e0 travers le programme Moucharaka Mouwatina, men\u00e9 en partenariat avec le minist\u00e8re d\u00e9l\u00e9gu\u00e9 charg\u00e9 des Relations avec le parlement et la soci\u00e9t\u00e9 civile, le Conseil national des droits de l\u2019Homme (CNDH), l\u2019Institut national de formation aux droits humains (Institut Driss Ben Zekri) et le Bureau des Nations Unies pour les services d\u2019appui aux projets (UNOPS).<\/p>\n<p class=\"c4\">AMAD a d\u00e9j\u00e0 organis\u00e9, dans le cadre de ce projet, plusieurs sessions de formation, webinaires et activit\u00e9s visant \u00e0 renforcer la participation citoyenne des jeunes, en particulier en mati\u00e8re de promotion des capacit\u00e9s de plaidoyer des jeunes.<\/p>\n<\/div>\n<p>Auteur: Soufiane ELAHMAR<br \/>\n<a href=\"http:\/\/www.mapoujda.ma\/fr\/session-de-formation-sur-les-prerogatives-des-collectivites-territoriales\/\">Cliquez ici pour lire l&rsquo;article depuis sa source.<\/a><\/p>\n","protected":false},"excerpt":{"rendered":"<p>L\u2019Association marocaine pour l\u2019action de d\u00e9veloppement (AMAD) organise, les 5 et 6 mars courant, une session de formation sur les pr\u00e9rogatives des collectivit\u00e9s territoriales, au profit des associations b\u00e9n\u00e9ficiaires du projet \u00abRenforcement de la participation citoyenne des jeunes de la pr\u00e9fecture d\u2019Oujda-Angad dans le processus de gestion de la chose publique locale\u00bb. Ce projet est [&hellip;]<\/p>\n","protected":false},"author":1788,"featured_media":0,"comment_status":"closed","ping_status":"closed","sticky":false,"template":"","format":"standard","meta":{"fifu_image_url":"http:\/\/www.mapoujda.ma\/map\/uploads\/2021\/03\/session-de-formation-organis\u00e9e-par-lassociation-AMAD-750\u00d7430-DR.jpg","fifu_image_alt":"Session de formation sur les pr\u00e9rogatives des collectivit\u00e9s territoriales","footnotes":""},"categories":[54,76],"tags":[],"class_list":["post-112535","post","type-post","status-publish","format-standard","hentry","category-maroc","category-regions"],"_links":{"self":[{"href":"https:\/\/linitiative.ca\/International\/wp-json\/wp\/v2\/posts\/112535","targetHints":{"allow":["GET"]}}],"collection":[{"href":"https:\/\/linitiative.ca\/International\/wp-json\/wp\/v2\/posts"}],"about":[{"href":"https:\/\/linitiative.ca\/International\/wp-json\/wp\/v2\/types\/post"}],"author":[{"embeddable":true,"href":"https:\/\/linitiative.ca\/International\/wp-json\/wp\/v2\/users\/1788"}],"replies":[{"embeddable":true,"href":"https:\/\/linitiative.ca\/International\/wp-json\/wp\/v2\/comments?post=112535"}],"version-history":[{"count":0,"href":"https:\/\/linitiative.ca\/International\/wp-json\/wp\/v2\/posts\/112535\/revisions"}],"wp:attachment":[{"href":"https:\/\/linitiative.ca\/International\/wp-json\/wp\/v2\/media?parent=112535"}],"wp:term":[{"taxonomy":"category","embeddable":true,"href":"https:\/\/linitiative.ca\/International\/wp-json\/wp\/v2\/categories?post=112535"},{"taxonomy":"post_tag","embeddable":true,"href":"https:\/\/linitiative.ca\/International\/wp-json\/wp\/v2\/tags?post=112535"}],"curies":[{"name":"wp","href":"https:\/\/api.w.org\/{rel}","templated":true}]}}