{"id":112537,"date":"2021-03-05T09:56:55","date_gmt":"2021-03-05T14:56:55","guid":{"rendered":"https:\/\/linitiative.ca\/International\/le-pape-francois-entame-une-visite-historique-en-irak\/"},"modified":"2021-03-05T09:56:55","modified_gmt":"2021-03-05T14:56:55","slug":"le-pape-francois-entame-une-visite-historique-en-irak","status":"publish","type":"post","link":"https:\/\/linitiative.ca\/International\/le-pape-francois-entame-une-visite-historique-en-irak\/","title":{"rendered":"Le pape Fran\u00e7ois entame une visite historique en Irak"},"content":{"rendered":"<p class=\"rtejustify\">Le pape Fran\u00e7ois est arriv\u00e9 vendredi \u00e0 Bagdad, entamant la premi\u00e8re visite d&rsquo;un souverain pontife dans ce pays et son tout premier d\u00e9placement \u00e0 l&rsquo;\u00e9tranger depuis le d\u00e9but de la pand\u00e9mie de Covid-19, rapportent les m\u00e9dias.<\/p>\n<p class=\"rtejustify\">\u00ab\u00a0Je suis content de reprendre les voyages\u00a0\u00bb apr\u00e8s 15 mois sans d\u00e9placement, a relev\u00e9 le pape argentin \u00e0 bord de l&rsquo;avion. \u00ab\u00a0Et ce voyage embl\u00e9matique est un devoir envers une terre martyre depuis tant d&rsquo;ann\u00e9es\u00a0\u00bb, a-t-il relev\u00e9.<\/p>\n<p class=\"rtejustify\">Le Pape effectue une visite de trois jours dans le pays des deux fleuves.<\/p>\n<p class=\"rtejustify\">\u00a0<\/p>\n<p>Auteur: mbasraoui<br \/>\n<a href=\"https:\/\/www.leconomiste.com\/flash-infos\/le-pape-francois-entame-une-visite-historique-en-irak\">Cliquez ici pour lire l&rsquo;article depuis sa source.<\/a><\/p>\n","protected":false},"excerpt":{"rendered":"<p>Le pape Fran\u00e7ois est arriv\u00e9 vendredi \u00e0 Bagdad, entamant la premi\u00e8re visite d&rsquo;un souverain pontife dans ce pays et son tout premier d\u00e9placement \u00e0 l&rsquo;\u00e9tranger depuis le d\u00e9but de la pand\u00e9mie de Covid-19, rapportent les m\u00e9dias. \u00ab\u00a0Je suis content de reprendre les voyages\u00a0\u00bb apr\u00e8s 15 mois sans d\u00e9placement, a relev\u00e9 le pape argentin \u00e0 bord [&hellip;]<\/p>\n","protected":false},"author":1763,"featured_media":0,"comment_status":"closed","ping_status":"closed","sticky":false,"template":"","format":"standard","meta":{"fifu_image_url":"","fifu_image_alt":"","footnotes":""},"categories":[78,54],"tags":[],"class_list":["post-112537","post","type-post","status-publish","format-standard","hentry","category-economie","category-maroc"],"_links":{"self":[{"href":"https:\/\/linitiative.ca\/International\/wp-json\/wp\/v2\/posts\/112537","targetHints":{"allow":["GET"]}}],"collection":[{"href":"https:\/\/linitiative.ca\/International\/wp-json\/wp\/v2\/posts"}],"about":[{"href":"https:\/\/linitiative.ca\/International\/wp-json\/wp\/v2\/types\/post"}],"author":[{"embeddable":true,"href":"https:\/\/linitiative.ca\/International\/wp-json\/wp\/v2\/users\/1763"}],"replies":[{"embeddable":true,"href":"https:\/\/linitiative.ca\/International\/wp-json\/wp\/v2\/comments?post=112537"}],"version-history":[{"count":0,"href":"https:\/\/linitiative.ca\/International\/wp-json\/wp\/v2\/posts\/112537\/revisions"}],"wp:attachment":[{"href":"https:\/\/linitiative.ca\/International\/wp-json\/wp\/v2\/media?parent=112537"}],"wp:term":[{"taxonomy":"category","embeddable":true,"href":"https:\/\/linitiative.ca\/International\/wp-json\/wp\/v2\/categories?post=112537"},{"taxonomy":"post_tag","embeddable":true,"href":"https:\/\/linitiative.ca\/International\/wp-json\/wp\/v2\/tags?post=112537"}],"curies":[{"name":"wp","href":"https:\/\/api.w.org\/{rel}","templated":true}]}}