{"id":112539,"date":"2021-03-05T12:51:04","date_gmt":"2021-03-05T17:51:04","guid":{"rendered":"https:\/\/linitiative.ca\/International\/la-com-de-crise-dallianz-maroc\/"},"modified":"2021-03-05T12:51:04","modified_gmt":"2021-03-05T17:51:04","slug":"la-com-de-crise-dallianz-maroc","status":"publish","type":"post","link":"https:\/\/linitiative.ca\/International\/la-com-de-crise-dallianz-maroc\/","title":{"rendered":"La com&rsquo; de crise d&rsquo;Allianz Maroc"},"content":{"rendered":"<p class=\"rtejustify\">Depuis une semaine, la compagnie d&rsquo;assurances Allianz Maroc fait l&rsquo;objet d&rsquo;attaques voire d&rsquo;une campagne relay\u00e9e par des sites \u00e9lectroniques et des r\u00e9seaux sociaux.<\/p>\n<p class=\"rtejustify\">Contact\u00e9e par L&rsquo;Economiste, la filiale du groupe allemand pr\u00e9cise qu&rsquo;il s&rsquo;agit \u00ab\u00a0d&rsquo;informations erron\u00e9es par rapport \u00e0 un dossier, actuellement devant les tribunaux, relatif \u00e0 l\u2019un des Agents g\u00e9n\u00e9raux\u00a0\u00bb. Selon Allianz Maroc, \u00ab\u00a0le litige en question porte sur plusieurs primes d\u2019assurances correspondant \u00e0 des attestations vendues aux clients et non revers\u00e9es \u00e0 la compagnie.<\/p>\n<p class=\"rtejustify\">De telles pratiques sont contraires \u00e0 l\u2019\u00e9thique des affaires et nuisent \u00e0 la confiance qui doit exister entre une compagnie d\u2019assurance et son interm\u00e9diaire\u00a0\u00bb. L&rsquo;assureur pr\u00e9cise que, pour l&rsquo;heure, il n\u2019est pas habilit\u00e9 \u00e0 commenter davantage ce litige puisque le dossier est en instruction et l\u2019Autorit\u00e9 judiciaire n\u2019a pas encore rendu sa d\u00e9cision.<\/p>\n<p class=\"rtejustify\"><em>A.R.<\/em><\/p>\n<p class=\"rtejustify\">\u00a0<\/p>\n<p>Auteur: mbasraoui<br \/>\n<a href=\"https:\/\/www.leconomiste.com\/flash-infos\/la-com-de-crise-d-allianz-maroc\">Cliquez ici pour lire l&rsquo;article depuis sa source.<\/a><\/p>\n","protected":false},"excerpt":{"rendered":"<p>Depuis une semaine, la compagnie d&rsquo;assurances Allianz Maroc fait l&rsquo;objet d&rsquo;attaques voire d&rsquo;une campagne relay\u00e9e par des sites \u00e9lectroniques et des r\u00e9seaux sociaux. Contact\u00e9e par L&rsquo;Economiste, la filiale du groupe allemand pr\u00e9cise qu&rsquo;il s&rsquo;agit \u00ab\u00a0d&rsquo;informations erron\u00e9es par rapport \u00e0 un dossier, actuellement devant les tribunaux, relatif \u00e0 l\u2019un des Agents g\u00e9n\u00e9raux\u00a0\u00bb. Selon Allianz Maroc, \u00ab\u00a0le [&hellip;]<\/p>\n","protected":false},"author":1763,"featured_media":0,"comment_status":"closed","ping_status":"closed","sticky":false,"template":"","format":"standard","meta":{"fifu_image_url":"","fifu_image_alt":"","footnotes":""},"categories":[78,54],"tags":[],"class_list":["post-112539","post","type-post","status-publish","format-standard","hentry","category-economie","category-maroc"],"_links":{"self":[{"href":"https:\/\/linitiative.ca\/International\/wp-json\/wp\/v2\/posts\/112539","targetHints":{"allow":["GET"]}}],"collection":[{"href":"https:\/\/linitiative.ca\/International\/wp-json\/wp\/v2\/posts"}],"about":[{"href":"https:\/\/linitiative.ca\/International\/wp-json\/wp\/v2\/types\/post"}],"author":[{"embeddable":true,"href":"https:\/\/linitiative.ca\/International\/wp-json\/wp\/v2\/users\/1763"}],"replies":[{"embeddable":true,"href":"https:\/\/linitiative.ca\/International\/wp-json\/wp\/v2\/comments?post=112539"}],"version-history":[{"count":0,"href":"https:\/\/linitiative.ca\/International\/wp-json\/wp\/v2\/posts\/112539\/revisions"}],"wp:attachment":[{"href":"https:\/\/linitiative.ca\/International\/wp-json\/wp\/v2\/media?parent=112539"}],"wp:term":[{"taxonomy":"category","embeddable":true,"href":"https:\/\/linitiative.ca\/International\/wp-json\/wp\/v2\/categories?post=112539"},{"taxonomy":"post_tag","embeddable":true,"href":"https:\/\/linitiative.ca\/International\/wp-json\/wp\/v2\/tags?post=112539"}],"curies":[{"name":"wp","href":"https:\/\/api.w.org\/{rel}","templated":true}]}}