{"id":112543,"date":"2021-03-05T11:00:00","date_gmt":"2021-03-05T16:00:00","guid":{"rendered":"https:\/\/linitiative.ca\/International\/leurope-renonce-a-son-projet-de-resolution-contre-liran\/"},"modified":"2021-03-05T11:00:00","modified_gmt":"2021-03-05T16:00:00","slug":"leurope-renonce-a-son-projet-de-resolution-contre-liran","status":"publish","type":"post","link":"https:\/\/linitiative.ca\/International\/leurope-renonce-a-son-projet-de-resolution-contre-liran\/","title":{"rendered":"L\u2019Europe renonce \u00e0 son projet de r\u00e9solution contre l\u2019Iran"},"content":{"rendered":"<p class=\"p1 c3\"><span class=\"c2\"><strong>Le Temps-Agences- L\u2019Allemagne, la France et le Royaume-Uni, qui condamnent la suspension par T\u00e9h\u00e9ran des inspections de l\u2019AIEA, veulent laisser \u00ab du temps \u00e0 la diplomatie \u00bb.<\/strong><\/span><\/p>\n<p class=\"p1 c4\"><span class=\"c2\">Les Europ\u00e9ens ont finalement d\u00e9cid\u00e9 de ne pas soumettre la r\u00e9solution contre l\u2019Iran qu\u2019ils avaient annonc\u00e9e au Conseil des gouverneurs de l\u2019Agence internationale de l\u2019\u00e9nergie atomique (AIEA), a-t-on appris jeudi de sources diplomatiques.<\/span><\/p>\n<p class=\"p1 c4\"><span class=\"c2\">Appuy\u00e9 par les \u00c9tats-Unis, ce texte de l\u2019Allemagne, de la France et de la Grande-Bretagne condamnait la d\u00e9cision de T\u00e9h\u00e9ran de suspendre certaines inspections de son programme nucl\u00e9aire. Il ne sera pas soumis au vote, ont indiqu\u00e9 plusieurs diplomates bas\u00e9s \u00e0 Vienne.<\/span><\/p>\n<p class=\"p1 c4\"><span class=\"c2\">\u00ab Nous laissons du temps \u00e0 la diplomatie \u00bb et l\u2019Iran a fait preuve d\u2019\u00ab un peu \u00bb de bonne volont\u00e9, a expliqu\u00e9 une de ces sources, sans souhaiter donner plus de d\u00e9tails \u00e0 ce stade.<\/span><\/p>\n<p class=\"p1 c4\"><span class=\"c2\">Le journal iranien ultraconservateur \u00ab Vatan-\u00e9 Emrouz \u00bb a \u00e9crit mardi, sans citer de source, que le pr\u00e9sident Hassan Rohani avait donn\u00e9 l\u2019ordre de suspendre la production d\u2019uranium m\u00e9tal dans l\u2019usine d\u2019Ispahan (centre). Le gouvernement n\u2019a pas d\u00e9menti ces informations.<\/span><\/p>\n<p class=\"p2 c5\"><span class=\"c2\"><strong>Limites d\u00e9pass\u00e9es<\/strong><\/span><\/p>\n<p class=\"p1 c4\"><span class=\"c2\">L\u2019Iran avait annonc\u00e9 en f\u00e9vrier avoir commenc\u00e9 la production d\u2019uranium m\u00e9tal pour alimenter son r\u00e9acteur de recherche \u00e0 T\u00e9h\u00e9ran, d\u00e9passant ainsi les limites fix\u00e9es par l\u2019accord nucl\u00e9aire de 2015. Le sujet est sensible car cette mati\u00e8re peut \u00eatre utilis\u00e9e dans la fabrication d\u2019armes nucl\u00e9aires.<\/span><\/p>\n<p class=\"p1 c4\"><span class=\"c2\">Le \u00ab plan d\u2019action global commun \u00bb, commun\u00e9ment d\u00e9sign\u00e9 par son acronyme anglophone JCPOA, ne tient plus qu\u2019\u00e0 un fil depuis le retrait am\u00e9ricain en 2018 \u00e0 l\u2019initiative de Donald Trump, et le r\u00e9tablissement des sanctions.<\/span><\/p>\n<p class=\"p1 c4\"><span class=\"c2\">T\u00e9h\u00e9ran, qui exige au pr\u00e9alable une lev\u00e9e des mesures punitives qui asphyxient son \u00e9conomie, a franchi ces derni\u00e8res semaines un nouveau cran dans son d\u00e9sengagement du JCPOA (passage \u00e0 un niveau d\u2019enrichissement d\u2019uranium de 20%, production d\u2019uranium m\u00e9tal et limitation des inspections).<\/span><\/p>\n<p class=\"p1 c3\">\u00a0<\/p>\n<p class=\"p1 c4\"><span class=\"c2\">L\u2019Iran a accept\u00e9 d\u2019engager un processus de \u00ab r\u00e9unions techniques \u00bb avec l\u2019AIEA pour \u00ab clarifier plusieurs questions en suspens \u00bb, a annonc\u00e9 hier le directeur g\u00e9n\u00e9ral de l\u2019instance onusienne. \u00ab Nous avons enfin r\u00e9ussi \u00e0 nous mettre d\u2019accord pour lancer un processus d\u2019analyse approfondie \u00bb concernant des \u00ab cas concrets \u00bb qui posent probl\u00e8me dans le programme nucl\u00e9aire, a d\u00e9clar\u00e9 Rafael Grossi devant la presse, pr\u00e9cisant qu\u2019une premi\u00e8re r\u00e9union aurait lieu \u00ab d\u00e9but avril en Iran\u00bb.<\/span><\/p>\n<p>Auteur: letemps1<br \/>\n<a href=\"http:\/\/www.letemps.com.tn\/article\/119593\/l%E2%80%99europe-renonce-%C3%A0-son-projet-de-r%C3%A9solution-contre-l%E2%80%99iran\">Cliquez ici pour lire l&rsquo;article depuis sa source.<\/a><\/p>\n","protected":false},"excerpt":{"rendered":"<p>Le Temps-Agences- L\u2019Allemagne, la France et le Royaume-Uni, qui condamnent la suspension par T\u00e9h\u00e9ran des inspections de l\u2019AIEA, veulent laisser \u00ab du temps \u00e0 la diplomatie \u00bb. Les Europ\u00e9ens ont finalement d\u00e9cid\u00e9 de ne pas soumettre la r\u00e9solution contre l\u2019Iran qu\u2019ils avaient annonc\u00e9e au Conseil des gouverneurs de l\u2019Agence internationale de l\u2019\u00e9nergie atomique (AIEA), a-t-on [&hellip;]<\/p>\n","protected":false},"author":1773,"featured_media":0,"comment_status":"closed","ping_status":"closed","sticky":false,"template":"","format":"standard","meta":{"fifu_image_url":"","fifu_image_alt":"","footnotes":""},"categories":[73,55],"tags":[],"class_list":["post-112543","post","type-post","status-publish","format-standard","hentry","category-actualite","category-tunisie"],"_links":{"self":[{"href":"https:\/\/linitiative.ca\/International\/wp-json\/wp\/v2\/posts\/112543","targetHints":{"allow":["GET"]}}],"collection":[{"href":"https:\/\/linitiative.ca\/International\/wp-json\/wp\/v2\/posts"}],"about":[{"href":"https:\/\/linitiative.ca\/International\/wp-json\/wp\/v2\/types\/post"}],"author":[{"embeddable":true,"href":"https:\/\/linitiative.ca\/International\/wp-json\/wp\/v2\/users\/1773"}],"replies":[{"embeddable":true,"href":"https:\/\/linitiative.ca\/International\/wp-json\/wp\/v2\/comments?post=112543"}],"version-history":[{"count":0,"href":"https:\/\/linitiative.ca\/International\/wp-json\/wp\/v2\/posts\/112543\/revisions"}],"wp:attachment":[{"href":"https:\/\/linitiative.ca\/International\/wp-json\/wp\/v2\/media?parent=112543"}],"wp:term":[{"taxonomy":"category","embeddable":true,"href":"https:\/\/linitiative.ca\/International\/wp-json\/wp\/v2\/categories?post=112543"},{"taxonomy":"post_tag","embeddable":true,"href":"https:\/\/linitiative.ca\/International\/wp-json\/wp\/v2\/tags?post=112543"}],"curies":[{"name":"wp","href":"https:\/\/api.w.org\/{rel}","templated":true}]}}