{"id":112544,"date":"2021-03-05T11:00:00","date_gmt":"2021-03-05T16:00:00","guid":{"rendered":"https:\/\/linitiative.ca\/International\/le-prix-du-carburant-flambe-et-attise-la-colere-populaire\/"},"modified":"2021-03-05T11:00:00","modified_gmt":"2021-03-05T16:00:00","slug":"le-prix-du-carburant-flambe-et-attise-la-colere-populaire","status":"publish","type":"post","link":"https:\/\/linitiative.ca\/International\/le-prix-du-carburant-flambe-et-attise-la-colere-populaire\/","title":{"rendered":"Le prix du carburant flambe  et attise la col\u00e8re populaire"},"content":{"rendered":"<p class=\"p1 c4\"><span class=\"c3\"><strong><span class=\"s1 c2\">Le Temps-Agences-<\/span> Le Liban continue de s\u2019enfoncer dans la crise politique et \u00e9conomique. La monnaie nationale a franchi la barre symbolique des 10 000 livres pour 1 dollar. Un record. Un dollar s\u2019\u00e9changeait encore contre 1500 livres libanaises il y a un an et demi, avant le d\u00e9but de la crise.<\/strong><\/span><\/p>\n<p class=\"p1 c5\"><span class=\"c3\">C\u2019est le prix de l&rsquo;essence qui a flamb\u00e9, entra\u00eenant une hausse de 30% du prix des transports publics. De quoi renforcer la col\u00e8re d\u00e9j\u00e0 tr\u00e8s vive des Libanais, qui sont \u00e0 nouveau descendus dans la rue un peu partout dans le pays. Sur la place des Martyrs \u00e0 Beyrouth, une centaine de personnes enflamment des pneus et bloquent la circulation. Fadi, la trentaine, proteste contre l\u2019augmentation du prix de l\u2019essence, d\u00e9cid\u00e9e par le gouvernement. \u00ab C\u2019est vraiment la gal\u00e8re totale, t\u00e9moigne-t-il. \u00c7a va toucher tout le monde au niveau du transport personnel, commun. \u00c7a va toucher m\u00eame le prix des biens comme les l\u00e9gumes parce qu&rsquo;on a besoin de transports pour transporter ces biens. \u00bb<\/span><\/p>\n<p class=\"p1 c5\"><span class=\"c3\">Une aggravation de l\u2019inflation qui a au moins le m\u00e9rite, selon le jeune homme, de faire descendre tous les Libanais dans la rue, quelle que soit leur religion ou leur couleur politique. \u00ab Il y a des militants de diff\u00e9rents partis qui sont avec nous en route parce que la crise \u00e9conomique les touche aussi et ils font partie du peuple libanais, se f\u00e9licite-t-il. Bienvenue \u00e0 tout le monde, cette r\u00e9volution n\u2019est pas faite pour un parti politique, c\u2019est la r\u00e9volution de tout le peuple libanais. \u00bb<\/span><\/p>\n<p class=\"p2 c6\">\u00a0<\/p>\n<p class=\"p3 c7\"><span class=\"c3\"><strong>Des militants du Hezbollah dans les rues<\/strong><\/span><\/p>\n<p class=\"p1 c5\"><span class=\"c3\">M\u00eame des militants du parti chiite Hezbollah, d\u2019habitude hostile au mouvement de contestation contre les \u00e9lites n\u00e9es il y a un an et demi se joignent au mouvement. C\u2019est le cas d\u2019Haydar, 17 ans. \u00ab Je veux pouvoir manger, boire et vivre. Ce pantalon, ces claquettes, ce tee-shirt, c\u2019est tout ce que j\u2019ai, d\u00e9crit-il. Si ma m\u00e8re savait que j\u2019\u00e9tais ici, elle me taperait et me jetterait dehors. Le parti ne veut pas qu\u2019on soit l\u00e0. Mais moi, m\u00eame si j\u2019aime notre chef Nasrallah, je veux continuer de venir ici, r\u00e9clamer mes droits, soutenir ceux qui n\u2019ont plus rien et aider toute la population. \u00bb<\/span><\/p>\n<p class=\"p1 c4\">\u00a0<\/p>\n<p class=\"p1 c5\"><span class=\"c3\">Le militant esp\u00e8re que son parti finira par soutenir les blocages. Depuis le d\u00e9but du mouvement, il y a trois jours, la plupart des responsables politiques au pouvoir sont rest\u00e9s silencieux.<\/span><\/p>\n<p>Auteur: letemps1<br \/>\n<a href=\"http:\/\/www.letemps.com.tn\/article\/119594\/le-prix-du-carburant-flambe-et-attise-la-col%C3%A8re-populaire\">Cliquez ici pour lire l&rsquo;article depuis sa source.<\/a><\/p>\n","protected":false},"excerpt":{"rendered":"<p>Le Temps-Agences- Le Liban continue de s\u2019enfoncer dans la crise politique et \u00e9conomique. La monnaie nationale a franchi la barre symbolique des 10 000 livres pour 1 dollar. Un record. Un dollar s\u2019\u00e9changeait encore contre 1500 livres libanaises il y a un an et demi, avant le d\u00e9but de la crise. C\u2019est le prix de [&hellip;]<\/p>\n","protected":false},"author":1773,"featured_media":0,"comment_status":"closed","ping_status":"closed","sticky":false,"template":"","format":"standard","meta":{"fifu_image_url":"","fifu_image_alt":"","footnotes":""},"categories":[73,55],"tags":[],"class_list":["post-112544","post","type-post","status-publish","format-standard","hentry","category-actualite","category-tunisie"],"_links":{"self":[{"href":"https:\/\/linitiative.ca\/International\/wp-json\/wp\/v2\/posts\/112544","targetHints":{"allow":["GET"]}}],"collection":[{"href":"https:\/\/linitiative.ca\/International\/wp-json\/wp\/v2\/posts"}],"about":[{"href":"https:\/\/linitiative.ca\/International\/wp-json\/wp\/v2\/types\/post"}],"author":[{"embeddable":true,"href":"https:\/\/linitiative.ca\/International\/wp-json\/wp\/v2\/users\/1773"}],"replies":[{"embeddable":true,"href":"https:\/\/linitiative.ca\/International\/wp-json\/wp\/v2\/comments?post=112544"}],"version-history":[{"count":0,"href":"https:\/\/linitiative.ca\/International\/wp-json\/wp\/v2\/posts\/112544\/revisions"}],"wp:attachment":[{"href":"https:\/\/linitiative.ca\/International\/wp-json\/wp\/v2\/media?parent=112544"}],"wp:term":[{"taxonomy":"category","embeddable":true,"href":"https:\/\/linitiative.ca\/International\/wp-json\/wp\/v2\/categories?post=112544"},{"taxonomy":"post_tag","embeddable":true,"href":"https:\/\/linitiative.ca\/International\/wp-json\/wp\/v2\/tags?post=112544"}],"curies":[{"name":"wp","href":"https:\/\/api.w.org\/{rel}","templated":true}]}}