{"id":112545,"date":"2021-03-05T11:03:00","date_gmt":"2021-03-05T16:03:00","guid":{"rendered":"https:\/\/linitiative.ca\/International\/les-manifestants-pleurent-la-jeune-kyal-sin-et-defient-la-junte\/"},"modified":"2021-03-05T11:03:00","modified_gmt":"2021-03-05T16:03:00","slug":"les-manifestants-pleurent-la-jeune-kyal-sin-et-defient-la-junte","status":"publish","type":"post","link":"https:\/\/linitiative.ca\/International\/les-manifestants-pleurent-la-jeune-kyal-sin-et-defient-la-junte\/","title":{"rendered":"Les manifestants pleurent  la jeune Kyal Sin et d\u00e9fient la junte"},"content":{"rendered":"<p class=\"p1 c4\"><span class=\"c3\"><strong><span class=\"s1 c2\">Le Temps- Agences-<\/span> En Birmanie, malgr\u00e9 la r\u00e9pression sanglante \u2013 qui ont fait au moins 38 morts, selon l&rsquo;ONU \u2013, les manifestants pro-d\u00e9mocratie continuent \u00e0 d\u00e9fier la junte militaire. Ce 4 mars, plusieurs centaines de personnes sont \u00e0 nouveau descendues dans la rue, notamment \u00e0 Rangoun, la capitale \u00e9conomique. <span class=\"Apple-converted-space\">\u00a0<\/span><\/strong><\/span><\/p>\n<p class=\"p3 c5\"><span class=\"c3\">\u00ab Nous sommes unis \u00bb, ont scand\u00e9 certains manifestants ce matin \u00e0 Rangoun. Ils sont jeunes, pour la plupart, et se prot\u00e8gent derri\u00e8re des barricades de fortune qu&rsquo;ils ont construites avec de vieux pneus, des briques et des sacs de sable. Les antennes paraboliques de leur t\u00e9l\u00e9vision leur servent de bouclier pour ne pas \u00eatre reconnus par les forces de l&rsquo;ordre.<\/span><\/p>\n<p class=\"p3 c5\"><span class=\"c3\">Des sites d&rsquo;informations ind\u00e9pendants comme Eleven Myanmar font aussi \u00e9tat de manifestations dans d&rsquo;autres villes du pays. Preuve que malgr\u00e9 la r\u00e9pression violente avec l&rsquo;usage d&rsquo;armes l\u00e9tales, les Birmans continuent \u00e0 d\u00e9fier la junte militaire.<\/span><\/p>\n<p class=\"p3 c5\"><span class=\"c3\">Hier matin une foule importante s&rsquo;est rassembl\u00e9e \u00e0 Mandalay, deuxi\u00e8me ville du pays, pour assister aux fun\u00e9railles d&rsquo;une jeune femme de 19 ans.<\/span><\/p>\n<p class=\"p3 c5\"><span class=\"c3\">Kyal Sin a \u00e9t\u00e9 tu\u00e9e d&rsquo;un tir \u00e0 balle r\u00e9elle. Elle est devenue un symbole de la contestation : sur une photo qui fait le tour des r\u00e9seaux sociaux, on la voit, peu de temps avant sa mort, porter un t-shirt avec le slogan \u00ab Tout ira bien \u00bb.<span class=\"Apple-converted-space\">\u00a0<\/span><\/span><\/p>\n<p class=\"p3 c5\"><span class=\"c3\">Shwe Hlaing, \u00e9tudiant de 24 ans, a pris part aux manifestations qui se sont d\u00e9roul\u00e9es \u00e0 Mandalay mercredi 3 mars. Il admire le courage de Kyal Sin.<\/span><\/p>\n<p class=\"p3 c5\"><span class=\"c3\">La riposte sanglante des militaires est \u00e9galement vivement condamn\u00e9e par l&rsquo;ONU, qui demande des sanctions fortes contre le r\u00e9gime. L&rsquo;\u00e9missaire de l&rsquo;organisation pour la Birmanie, Christine Schraner Burgener, indique qu&rsquo;elle a \u00ab eu une discussion avec l&rsquo;arm\u00e9e et l&rsquo;ai avertie que les \u00c9tats membres de l&rsquo;ONU et le Conseil de s\u00e9curit\u00e9 pourraient prendre des mesures importantes, fortes. Leur r\u00e9ponse \u00e9tait : \u00ab\u00a0Nous sommes habitu\u00e9s \u00e0 des sanctions et nous y avons surv\u00e9cu dans le pass\u00e9\u00a0\u00bb. Et lorsque j\u2019ai averti les militaires qu\u2019ils pourraient se trouver isol\u00e9s sur le plan international, ils m\u2019ont r\u00e9pondu que, dans ce cas, il faudra apprendre \u00e0 \u00ab\u00a0marcher avec quelques amis seulement\u00a0\u00bb. Je pense que les \u00c9tats membres des Nations unies doivent prendre des sanctions fortes. Mais mon r\u00f4le, en tant qu&rsquo;\u00e9missaire de l&rsquo;ONU, sera de continuer le dialogue avec l&rsquo;arm\u00e9e. Je pense que seul un dialogue peut aboutir \u00e0 une solution. Sinon, on l\u2019a vu dans le pass\u00e9, l&rsquo;arm\u00e9e est toujours d\u00e9termin\u00e9e \u00e0 poursuivre l&rsquo;agenda qu&rsquo;elle s&rsquo;\u00e9tait fix\u00e9 \u00bb.<\/span><\/p>\n<p>Auteur: letemps1<br \/>\n<a href=\"http:\/\/www.letemps.com.tn\/article\/119595\/les-manifestants-pleurent-la-jeune-kyal-sin-et-d%C3%A9fient-la-junte\">Cliquez ici pour lire l&rsquo;article depuis sa source.<\/a><\/p>\n","protected":false},"excerpt":{"rendered":"<p>Le Temps- Agences- En Birmanie, malgr\u00e9 la r\u00e9pression sanglante \u2013 qui ont fait au moins 38 morts, selon l&rsquo;ONU \u2013, les manifestants pro-d\u00e9mocratie continuent \u00e0 d\u00e9fier la junte militaire. Ce 4 mars, plusieurs centaines de personnes sont \u00e0 nouveau descendues dans la rue, notamment \u00e0 Rangoun, la capitale \u00e9conomique. \u00a0 \u00ab Nous sommes unis \u00bb, [&hellip;]<\/p>\n","protected":false},"author":1773,"featured_media":0,"comment_status":"closed","ping_status":"closed","sticky":false,"template":"","format":"standard","meta":{"fifu_image_url":"","fifu_image_alt":"","footnotes":""},"categories":[73,55],"tags":[],"class_list":["post-112545","post","type-post","status-publish","format-standard","hentry","category-actualite","category-tunisie"],"_links":{"self":[{"href":"https:\/\/linitiative.ca\/International\/wp-json\/wp\/v2\/posts\/112545","targetHints":{"allow":["GET"]}}],"collection":[{"href":"https:\/\/linitiative.ca\/International\/wp-json\/wp\/v2\/posts"}],"about":[{"href":"https:\/\/linitiative.ca\/International\/wp-json\/wp\/v2\/types\/post"}],"author":[{"embeddable":true,"href":"https:\/\/linitiative.ca\/International\/wp-json\/wp\/v2\/users\/1773"}],"replies":[{"embeddable":true,"href":"https:\/\/linitiative.ca\/International\/wp-json\/wp\/v2\/comments?post=112545"}],"version-history":[{"count":0,"href":"https:\/\/linitiative.ca\/International\/wp-json\/wp\/v2\/posts\/112545\/revisions"}],"wp:attachment":[{"href":"https:\/\/linitiative.ca\/International\/wp-json\/wp\/v2\/media?parent=112545"}],"wp:term":[{"taxonomy":"category","embeddable":true,"href":"https:\/\/linitiative.ca\/International\/wp-json\/wp\/v2\/categories?post=112545"},{"taxonomy":"post_tag","embeddable":true,"href":"https:\/\/linitiative.ca\/International\/wp-json\/wp\/v2\/tags?post=112545"}],"curies":[{"name":"wp","href":"https:\/\/api.w.org\/{rel}","templated":true}]}}