{"id":112546,"date":"2021-03-05T15:14:05","date_gmt":"2021-03-05T20:14:05","guid":{"rendered":"https:\/\/linitiative.ca\/International\/equipe-dalgerie-comex-fifa-le-tas-de-lausanne-accepte-le-recours-de-zetchi\/"},"modified":"2021-03-05T15:14:05","modified_gmt":"2021-03-05T20:14:05","slug":"equipe-dalgerie-comex-fifa-le-tas-de-lausanne-accepte-le-recours-de-zetchi","status":"publish","type":"post","link":"https:\/\/linitiative.ca\/International\/equipe-dalgerie-comex-fifa-le-tas-de-lausanne-accepte-le-recours-de-zetchi\/","title":{"rendered":"Equipe d&rsquo;Alg\u00e9rie : COMEX\/FIFA: Le TAS de Lausanne accepte le recours de Zetchi"},"content":{"rendered":"<div readability=\"32\">\n<p>Auteur : <span>Riad O.<\/span> <span class=\"time\">vendredi 05 mars 2021 15:07<\/span><\/p>\n<\/div>\n<div id=\"post_core\" readability=\"39\">\n<p>Le pr\u00e9sident de la FAF, Kheireddine Zetchi a obtenu une r\u00e9ponse favorable de la part du TAS de Lausanne suite \u00e0 son recours d\u00e9pos\u00e9 au niveau de cette instance apr\u00e8s le refus, dans un premier temps, de sa candidature au conseil de la FIFA. Ainsi donc, le patron de la f\u00e9d\u00e9 pourra participer aux \u00e9lections du 12 mars. Le TAS a d\u00e9cid\u00e9 de r\u00e9int\u00e9grer le pr\u00e9sident de la FAF dans la course pour l\u2019obtention d\u2019un si\u00e8ge au niveau du COMEX de la FIFA.<\/p>\n<p><span class=\"c2\"><strong>Riad O.<\/strong><\/span><\/p>\n<p><strong>Publi\u00e9 dans :<\/strong> <span>Zetchi<\/span><\/p>\n<\/div>\n<p>Auteur:<br \/>\n<a href=\"http:\/\/www.lebuteur.com\/article\/detail?titre=comex-fifa-le-tas-de-lausanne-accepte-le-recours-de-zetchi&#038;id=99284&#038;utm_source=feedburner&#038;utm_medium=feed&#038;utm_campaign=Feed%3A+GalerieFArtciles+%28Les+derniers+articles++-+lebuteur.com%29\">Cliquez ici pour lire l&rsquo;article depuis sa source.<\/a><\/p>\n","protected":false},"excerpt":{"rendered":"<p>Auteur : Riad O. vendredi 05 mars 2021 15:07 Le pr\u00e9sident de la FAF, Kheireddine Zetchi a obtenu une r\u00e9ponse favorable de la part du TAS de Lausanne suite \u00e0 son recours d\u00e9pos\u00e9 au niveau de cette instance apr\u00e8s le refus, dans un premier temps, de sa candidature au conseil de la FIFA. Ainsi donc, [&hellip;]<\/p>\n","protected":false},"author":1738,"featured_media":0,"comment_status":"closed","ping_status":"closed","sticky":false,"template":"","format":"standard","meta":{"fifu_image_url":"\/\/cdn.lebuteur.com\/data\/images\/article\/thumbs\/large-comex-fifa-le-tas-de-lausanne-accepte-le-recours-de-zetchi-a198c.jpg","fifu_image_alt":"Equipe d'Alg\u00e9rie : COMEX\/FIFA: Le TAS de Lausanne accepte le recours de Zetchi","footnotes":""},"categories":[53,75],"tags":[],"class_list":["post-112546","post","type-post","status-publish","format-standard","hentry","category-algerie","category-sport"],"_links":{"self":[{"href":"https:\/\/linitiative.ca\/International\/wp-json\/wp\/v2\/posts\/112546","targetHints":{"allow":["GET"]}}],"collection":[{"href":"https:\/\/linitiative.ca\/International\/wp-json\/wp\/v2\/posts"}],"about":[{"href":"https:\/\/linitiative.ca\/International\/wp-json\/wp\/v2\/types\/post"}],"author":[{"embeddable":true,"href":"https:\/\/linitiative.ca\/International\/wp-json\/wp\/v2\/users\/1738"}],"replies":[{"embeddable":true,"href":"https:\/\/linitiative.ca\/International\/wp-json\/wp\/v2\/comments?post=112546"}],"version-history":[{"count":0,"href":"https:\/\/linitiative.ca\/International\/wp-json\/wp\/v2\/posts\/112546\/revisions"}],"wp:attachment":[{"href":"https:\/\/linitiative.ca\/International\/wp-json\/wp\/v2\/media?parent=112546"}],"wp:term":[{"taxonomy":"category","embeddable":true,"href":"https:\/\/linitiative.ca\/International\/wp-json\/wp\/v2\/categories?post=112546"},{"taxonomy":"post_tag","embeddable":true,"href":"https:\/\/linitiative.ca\/International\/wp-json\/wp\/v2\/tags?post=112546"}],"curies":[{"name":"wp","href":"https:\/\/api.w.org\/{rel}","templated":true}]}}