{"id":112547,"date":"2021-03-05T15:14:07","date_gmt":"2021-03-05T20:14:07","guid":{"rendered":"https:\/\/linitiative.ca\/International\/pros-manchester-city-mahrez-lance-les-hostilites-avant-le-derby-contre-man-u\/"},"modified":"2021-03-05T15:14:07","modified_gmt":"2021-03-05T20:14:07","slug":"pros-manchester-city-mahrez-lance-les-hostilites-avant-le-derby-contre-man-u","status":"publish","type":"post","link":"https:\/\/linitiative.ca\/International\/pros-manchester-city-mahrez-lance-les-hostilites-avant-le-derby-contre-man-u\/","title":{"rendered":"Pros : Manchester City: Mahrez lance les hostilit\u00e9s avant le derby contre Man U !"},"content":{"rendered":"<div readability=\"32\">\n<p>Auteur : <span class=\"time\">vendredi 05 mars 2021 15:53<\/span><\/p>\n<\/div>\n<div id=\"post_core\" readability=\"48\">\n<p>M\u00eame si Manchester City a 12 points d\u2019avance sur son dauphin et rival, Manchester United, Riyad Mahrez refuse de s\u2019enflammer. Avant d\u2019affronter les Red Devils dimanche (17h30), l\u2019ailier alg\u00e9rien s\u2019est confi\u00e9 sur le site internet de son club \u00e0 propos de l\u2019importance du derby de Manchester : \u00ab C&rsquo;est un derby et nous savons que cela signifie beaucoup pour les fans. Ce sera un autre match difficile, diff\u00e9rent, mais difficile aussi. Si nous gagnons dimanche, ce sera bien, mais nous savons que nous n&rsquo;en sommes pas encore l\u00e0 et que nous devons nous remettre aujourd&rsquo;hui et essayer d&rsquo;\u00eatre pr\u00eats pour ce moment \u00bb. Le capitaine des Fennecs s\u2019est ensuite exprim\u00e9 sur la belle victoire des Skyblues mardi dernier face \u00e0 Wolverhampton (4-1), o\u00f9 il s\u2019est distingu\u00e9 par un joli but : \u00ab je pense que nous avons montr\u00e9 une tr\u00e8s bonne attitude, et vous avez pu voir que tout le monde voulait gagner ce match et que c&rsquo;est la seule fa\u00e7on d&rsquo;y arriver. Ils sont revenus en deuxi\u00e8me mi-temps, mais nous avons montr\u00e9 une tr\u00e8s bonne r\u00e9action. Nous avons juste attaqu\u00e9 et attaqu\u00e9 jusqu&rsquo;\u00e0 ce que nous marquions, donc je pense que c&rsquo;\u00e9tait un tr\u00e8s bon match et cela montre \u00e0 quel point nous sommes r\u00e9sistants et comment nous voulons gagner des matchs \u00bb. Cette saison, l\u2019international alg\u00e9rien (61 s\u00e9lections, 18 buts) a marqu\u00e9 7 buts et d\u00e9livr\u00e9 4 passes d\u00e9cisives en 21 rencontres de Premier League. Il essayera d\u2019am\u00e9liorer ces statistiques dimanche face \u00e0 Manchester United (17h30) rapporte OnzeMondial.com.<\/p>\n<p><strong>Publi\u00e9 dans :<\/strong> <span>Mahrez<\/span><\/p>\n<\/div>\n<p>Auteur:<br \/>\n<a href=\"http:\/\/www.lebuteur.com\/article\/detail?titre=manchester-city-mahrez-lance-les-hostilites-avant-le-derby-contre-man-u&#038;id=99285&#038;utm_source=feedburner&#038;utm_medium=feed&#038;utm_campaign=Feed%3A+GalerieFArtciles+%28Les+derniers+articles++-+lebuteur.com%29\">Cliquez ici pour lire l&rsquo;article depuis sa source.<\/a><\/p>\n","protected":false},"excerpt":{"rendered":"<p>Auteur : vendredi 05 mars 2021 15:53 M\u00eame si Manchester City a 12 points d\u2019avance sur son dauphin et rival, Manchester United, Riyad Mahrez refuse de s\u2019enflammer. Avant d\u2019affronter les Red Devils dimanche (17h30), l\u2019ailier alg\u00e9rien s\u2019est confi\u00e9 sur le site internet de son club \u00e0 propos de l\u2019importance du derby de Manchester : \u00ab [&hellip;]<\/p>\n","protected":false},"author":1738,"featured_media":0,"comment_status":"closed","ping_status":"closed","sticky":false,"template":"","format":"standard","meta":{"fifu_image_url":"\/\/cdn.lebuteur.com\/data\/images\/article\/thumbs\/large-manchester-city-mahrez-lance-les-hostilites-avant-le-derby-contre-man-u-fac6f.jpg","fifu_image_alt":"Pros : Manchester City: Mahrez lance les hostilit\u00e9s avant le derby contre Man U !","footnotes":""},"categories":[53,75],"tags":[],"class_list":["post-112547","post","type-post","status-publish","format-standard","hentry","category-algerie","category-sport"],"_links":{"self":[{"href":"https:\/\/linitiative.ca\/International\/wp-json\/wp\/v2\/posts\/112547","targetHints":{"allow":["GET"]}}],"collection":[{"href":"https:\/\/linitiative.ca\/International\/wp-json\/wp\/v2\/posts"}],"about":[{"href":"https:\/\/linitiative.ca\/International\/wp-json\/wp\/v2\/types\/post"}],"author":[{"embeddable":true,"href":"https:\/\/linitiative.ca\/International\/wp-json\/wp\/v2\/users\/1738"}],"replies":[{"embeddable":true,"href":"https:\/\/linitiative.ca\/International\/wp-json\/wp\/v2\/comments?post=112547"}],"version-history":[{"count":0,"href":"https:\/\/linitiative.ca\/International\/wp-json\/wp\/v2\/posts\/112547\/revisions"}],"wp:attachment":[{"href":"https:\/\/linitiative.ca\/International\/wp-json\/wp\/v2\/media?parent=112547"}],"wp:term":[{"taxonomy":"category","embeddable":true,"href":"https:\/\/linitiative.ca\/International\/wp-json\/wp\/v2\/categories?post=112547"},{"taxonomy":"post_tag","embeddable":true,"href":"https:\/\/linitiative.ca\/International\/wp-json\/wp\/v2\/tags?post=112547"}],"curies":[{"name":"wp","href":"https:\/\/api.w.org\/{rel}","templated":true}]}}