{"id":112548,"date":"2021-03-05T15:14:10","date_gmt":"2021-03-05T20:14:10","guid":{"rendered":"https:\/\/linitiative.ca\/International\/equipe-dalgerie-zetchi-on-continue-de-travailler-dans-la-serenite-et-le-calme\/"},"modified":"2021-03-05T15:14:10","modified_gmt":"2021-03-05T20:14:10","slug":"equipe-dalgerie-zetchi-on-continue-de-travailler-dans-la-serenite-et-le-calme","status":"publish","type":"post","link":"https:\/\/linitiative.ca\/International\/equipe-dalgerie-zetchi-on-continue-de-travailler-dans-la-serenite-et-le-calme\/","title":{"rendered":"Equipe d&rsquo;Alg\u00e9rie : Zetchi: \u00abOn continue de travailler dans la s\u00e9r\u00e9nit\u00e9 et le calme\u00bb"},"content":{"rendered":"<div readability=\"32\">\n<p>Auteur : <span class=\"time\">vendredi 05 mars 2021 16:23<\/span><\/p>\n<\/div>\n<div id=\"post_core\" readability=\"50\">\n<p>Le pr\u00e9sident de la FAD, Khe\u00efreddine Zetchi est de nouveau dans la course en vue des \u00e9lections du Conseil de la FIFA. En effet, le recours introduit par le premier responsable de la FAF aupr\u00e8s du Tribunal arbitral de sport (TAS) de Lausanne (Suisse) a abouti, a annonc\u00e9 ce vendredi Zetchi: \u00ab\u00c0 l\u2019issue du recours que nous avons introduit aupr\u00e8s du TAS de Lausanne, la d\u00e9cision est tomb\u00e9e aujourd\u2019hui en notre faveur. De ce fait, la candidature de l\u2019Alg\u00e9rie, puisqu\u2019il s\u2019agit de ma candidature et je repr\u00e9sente notre pays, et non pas ma personne uniquement, Dieu merci que l\u2019issue soit favorable. Donc on continue de travailler dans la s\u00e9r\u00e9nit\u00e9 et le calme.\u00bb a d\u00e9clar\u00e9 M. Zetchi \u00e0 la cha\u00eene 3 de la Radio Alg\u00e9rienne. \u00abMaintenant, il va falloir reprendre son b\u00e2ton de p\u00e8lerin et repartir en campagne avant les \u00e9lections. Ce coup d\u2019arr\u00eat a \u00e9t\u00e9 assez contraignant pour nous, mais on va se battre, car il s\u2019agit tout de m\u00eame de la candidature de l\u2019Alg\u00e9rie et pour cela on va mettre toute notre \u00e9nergie \u00bb, a-t-il ajout\u00e9. Pour rappel, le patron de la FAF vu son dossier de candidature rejet\u00e9 par la FIFA, le 26 janvier dernier, pour avoir omis de signaler deux suspensions ant\u00e9rieures sur le plan national (2016) et continental (2018).<\/p>\n<p><strong>Publi\u00e9 dans :<\/strong> <span>Zetchi<\/span><\/p>\n<\/div>\n<p>Auteur:<br \/>\n<a href=\"http:\/\/www.lebuteur.com\/article\/detail?titre=zetchi-on-continue-de-travailler-dans-la-serenite-et-le-calme&#038;id=99286&#038;utm_source=feedburner&#038;utm_medium=feed&#038;utm_campaign=Feed%3A+GalerieFArtciles+%28Les+derniers+articles++-+lebuteur.com%29\">Cliquez ici pour lire l&rsquo;article depuis sa source.<\/a><\/p>\n","protected":false},"excerpt":{"rendered":"<p>Auteur : vendredi 05 mars 2021 16:23 Le pr\u00e9sident de la FAD, Khe\u00efreddine Zetchi est de nouveau dans la course en vue des \u00e9lections du Conseil de la FIFA. En effet, le recours introduit par le premier responsable de la FAF aupr\u00e8s du Tribunal arbitral de sport (TAS) de Lausanne (Suisse) a abouti, a annonc\u00e9 [&hellip;]<\/p>\n","protected":false},"author":1738,"featured_media":0,"comment_status":"closed","ping_status":"closed","sticky":false,"template":"","format":"standard","meta":{"fifu_image_url":"\/\/cdn.lebuteur.com\/data\/images\/article\/thumbs\/large-zetchi-on-continue-de-travailler-dans-la-serenite-et-le-calme-378e4.jpg","fifu_image_alt":"Equipe d'Alg\u00e9rie : Zetchi: \u00abOn continue de travailler dans la s\u00e9r\u00e9nit\u00e9 et le calme\u00bb","footnotes":""},"categories":[53,75],"tags":[],"class_list":["post-112548","post","type-post","status-publish","format-standard","hentry","category-algerie","category-sport"],"_links":{"self":[{"href":"https:\/\/linitiative.ca\/International\/wp-json\/wp\/v2\/posts\/112548","targetHints":{"allow":["GET"]}}],"collection":[{"href":"https:\/\/linitiative.ca\/International\/wp-json\/wp\/v2\/posts"}],"about":[{"href":"https:\/\/linitiative.ca\/International\/wp-json\/wp\/v2\/types\/post"}],"author":[{"embeddable":true,"href":"https:\/\/linitiative.ca\/International\/wp-json\/wp\/v2\/users\/1738"}],"replies":[{"embeddable":true,"href":"https:\/\/linitiative.ca\/International\/wp-json\/wp\/v2\/comments?post=112548"}],"version-history":[{"count":0,"href":"https:\/\/linitiative.ca\/International\/wp-json\/wp\/v2\/posts\/112548\/revisions"}],"wp:attachment":[{"href":"https:\/\/linitiative.ca\/International\/wp-json\/wp\/v2\/media?parent=112548"}],"wp:term":[{"taxonomy":"category","embeddable":true,"href":"https:\/\/linitiative.ca\/International\/wp-json\/wp\/v2\/categories?post=112548"},{"taxonomy":"post_tag","embeddable":true,"href":"https:\/\/linitiative.ca\/International\/wp-json\/wp\/v2\/tags?post=112548"}],"curies":[{"name":"wp","href":"https:\/\/api.w.org\/{rel}","templated":true}]}}