{"id":112550,"date":"2021-03-05T15:14:14","date_gmt":"2021-03-05T20:14:14","guid":{"rendered":"https:\/\/linitiative.ca\/International\/international-ol-cherki-reclame-plus-de-temps-de-jeu-a-rudi-garcia\/"},"modified":"2021-03-05T15:14:14","modified_gmt":"2021-03-05T20:14:14","slug":"international-ol-cherki-reclame-plus-de-temps-de-jeu-a-rudi-garcia","status":"publish","type":"post","link":"https:\/\/linitiative.ca\/International\/international-ol-cherki-reclame-plus-de-temps-de-jeu-a-rudi-garcia\/","title":{"rendered":"International : OL : Cherki r\u00e9clame plus de temps de jeu \u00e0 Rudi Garcia"},"content":{"rendered":"<div readability=\"32\">\n<p>Auteur : <span class=\"time\">vendredi 05 mars 2021 20:18<\/span><\/p>\n<\/div>\n<div id=\"post_core\" readability=\"49\">\n<p>Pr\u00e9sent en conf\u00e9rence de presse ce vendredi, le jeune prodige se veut patient, mais attend tout de m\u00eame sa chance de bousculer la hi\u00e9rarchie :<\/p>\n<p>\u00ab\u00a0J&rsquo;aime bien la pression. C&rsquo;est quelque chose qui me pousse \u00e0 aller plus loin, plus vite, plus fort. C&rsquo;est \u00e7a qui pla\u00eet, quand on me regarde jouer. (\u2026) J\u2019ai besoin de temps de jeu pour pouvoir prouver au coach que moi aussi j\u2019ai ma place. S\u2019il me fait confiance, tant mieux. Quand il me fera confiance, je lui prouverai qu\u2019il aurait d\u00fb me faire confiance avant. Je me dis que quand le coach va me donner r\u00e9ellement ma chance, ce sera \u00e0 moi de lui montrer que je peux apporter quelque chose en plus sur cette fin de saison. Il me fait confiance, mais quand j&rsquo;aurai un peu plus de temps de jeu, l\u00e0 je pourrai dire qu&rsquo;il me fait totalement confiance\u00a0\u00bb, a fait savoir Cherki comme le rapporte Maxifoot.<\/p>\n<p><strong>Publi\u00e9 dans :<\/strong> <span>Cherki<\/span><\/p>\n<\/div>\n<p>Auteur:<br \/>\n<a href=\"http:\/\/www.lebuteur.com\/article\/detail?titre=ol-cherki-reclame-plus-de-temps-de-jeu-a-rudi-garcia&#038;id=99288&#038;utm_source=feedburner&#038;utm_medium=feed&#038;utm_campaign=Feed%3A+GalerieFArtciles+%28Les+derniers+articles++-+lebuteur.com%29\">Cliquez ici pour lire l&rsquo;article depuis sa source.<\/a><\/p>\n","protected":false},"excerpt":{"rendered":"<p>Auteur : vendredi 05 mars 2021 20:18 Pr\u00e9sent en conf\u00e9rence de presse ce vendredi, le jeune prodige se veut patient, mais attend tout de m\u00eame sa chance de bousculer la hi\u00e9rarchie : \u00ab\u00a0J&rsquo;aime bien la pression. C&rsquo;est quelque chose qui me pousse \u00e0 aller plus loin, plus vite, plus fort. C&rsquo;est \u00e7a qui pla\u00eet, quand [&hellip;]<\/p>\n","protected":false},"author":1738,"featured_media":0,"comment_status":"closed","ping_status":"closed","sticky":false,"template":"","format":"standard","meta":{"fifu_image_url":"\/\/cdn.lebuteur.com\/data\/images\/article\/thumbs\/large-ol-cherki-reclame-plus-de-temps-de-jeu-a-rudi-garcia-080fc.jpg","fifu_image_alt":"International : OL : Cherki r\u00e9clame plus de temps de jeu \u00e0 Rudi Garcia","footnotes":""},"categories":[53,75],"tags":[],"class_list":["post-112550","post","type-post","status-publish","format-standard","hentry","category-algerie","category-sport"],"_links":{"self":[{"href":"https:\/\/linitiative.ca\/International\/wp-json\/wp\/v2\/posts\/112550","targetHints":{"allow":["GET"]}}],"collection":[{"href":"https:\/\/linitiative.ca\/International\/wp-json\/wp\/v2\/posts"}],"about":[{"href":"https:\/\/linitiative.ca\/International\/wp-json\/wp\/v2\/types\/post"}],"author":[{"embeddable":true,"href":"https:\/\/linitiative.ca\/International\/wp-json\/wp\/v2\/users\/1738"}],"replies":[{"embeddable":true,"href":"https:\/\/linitiative.ca\/International\/wp-json\/wp\/v2\/comments?post=112550"}],"version-history":[{"count":0,"href":"https:\/\/linitiative.ca\/International\/wp-json\/wp\/v2\/posts\/112550\/revisions"}],"wp:attachment":[{"href":"https:\/\/linitiative.ca\/International\/wp-json\/wp\/v2\/media?parent=112550"}],"wp:term":[{"taxonomy":"category","embeddable":true,"href":"https:\/\/linitiative.ca\/International\/wp-json\/wp\/v2\/categories?post=112550"},{"taxonomy":"post_tag","embeddable":true,"href":"https:\/\/linitiative.ca\/International\/wp-json\/wp\/v2\/tags?post=112550"}],"curies":[{"name":"wp","href":"https:\/\/api.w.org\/{rel}","templated":true}]}}