{"id":112551,"date":"2021-03-05T13:45:18","date_gmt":"2021-03-05T18:45:18","guid":{"rendered":"https:\/\/linitiative.ca\/International\/tizi-ouzou-une-rencontre-du-ffs-perturbee-par-des-militants-contestataires\/"},"modified":"2021-03-05T13:45:18","modified_gmt":"2021-03-05T18:45:18","slug":"tizi-ouzou-une-rencontre-du-ffs-perturbee-par-des-militants-contestataires","status":"publish","type":"post","link":"https:\/\/linitiative.ca\/International\/tizi-ouzou-une-rencontre-du-ffs-perturbee-par-des-militants-contestataires\/","title":{"rendered":"Tizi Ouzou : Une rencontre du FFS perturb\u00e9e par des militants contestataires"},"content":{"rendered":"<h4 class=\"title-14\"\/>\n<div class=\"featured_image\"><img loading=\"lazy\" decoding=\"async\" width=\"1560\" height=\"1170\" src=\"https:\/\/www.elwatan.com\/wp-content\/uploads\/2021\/03\/Les-membres-de-l\u2019instance-pr\u00e9sidentielle-et-du-premier-secr\u00e9taire-du-FFS-jeudi-\u00e0-Tizi-Ouzou.png\" class=\"attachment-post-thumbnail size-post-thumbnail wp-post-image\" alt=\"\" srcset=\"https:\/\/www.elwatan.com\/wp-content\/uploads\/2021\/03\/Les-membres-de-l\u2019instance-pr\u00e9sidentielle-et-du-premier-secr\u00e9taire-du-FFS-jeudi-\u00e0-Tizi-Ouzou.png 1560w, https:\/\/www.elwatan.com\/wp-content\/uploads\/2021\/03\/Les-membres-de-l\u2019instance-pr\u00e9sidentielle-et-du-premier-secr\u00e9taire-du-FFS-jeudi-\u00e0-Tizi-Ouzou-300x225.png 300w, https:\/\/www.elwatan.com\/wp-content\/uploads\/2021\/03\/Les-membres-de-l\u2019instance-pr\u00e9sidentielle-et-du-premier-secr\u00e9taire-du-FFS-jeudi-\u00e0-Tizi-Ouzou-768x576.png 768w, https:\/\/www.elwatan.com\/wp-content\/uploads\/2021\/03\/Les-membres-de-l\u2019instance-pr\u00e9sidentielle-et-du-premier-secr\u00e9taire-du-FFS-jeudi-\u00e0-Tizi-Ouzou-1024x768.png 1024w, https:\/\/www.elwatan.com\/wp-content\/uploads\/2021\/03\/Les-membres-de-l\u2019instance-pr\u00e9sidentielle-et-du-premier-secr\u00e9taire-du-FFS-jeudi-\u00e0-Tizi-Ouzou-1320x990.png 1320w\" sizes=\"auto, (max-width: 1560px) 100vw, 1560px\"\/><\/div>\n<p><strong><em>Le conseil f\u00e9d\u00e9ral du FFS \u00e9largi qui s\u2019est tenue, jeudi, \u00e0 la maison de la culture Mouloud Mammeri de Tizi Ouzou a \u00e9t\u00e9 perturb\u00e9 par des militants qui voulaient manifester leur m\u00e9contentement contre la direction nationale du parti suite \u00e0 la rencontre tenue avec le Pr\u00e9sident de la R\u00e9publique Abdelmadjid Tebboune.<\/em><\/strong><\/p>\n<p>Ainsi, lors des interventions des membres de l\u2019instance pr\u00e9sidentielle et du premier secr\u00e9taire national du vieux parti de l\u2019opposition, des voix commen\u00e7aient \u00e0 fuser dans la salle. \u00abLe FFS est dans la rue et non dans les salons\u00bb, criaient des militants qui voulaient carr\u00e9ment interrompre la rencontre. D\u00e8s lors, c\u2019est le tumulte g\u00e9n\u00e9ral dans la salle. Des contestataires ont envahi m\u00eame la tribune essayant d\u2019emp\u00eacher les membres de la direction du parti de prendre la par\u00f4le, notamment apr\u00e8s l\u2019intervention de Brahim Meziani, membre de l\u2019instance pr\u00e9sidentielle, qui a lanc\u00e9 aux contestataires : \u00ab Ce qui veulent la fronde, on les reconnait pas. On ne va jamais les reconna\u00eetre \u00bb, a-t-il soutenu. Et pour apaiser les esprits, le coordinaeur de la CAF (Commission administrative f\u00e9d\u00e9rale de Tizi Ouzou), Arezki Boudjema\u00e2, a exhort\u00e9 les militants \u00e0 \u00ab privil\u00e9gier l\u2019apaisement et l\u2019entente pour \u00e9viter la tension qui ne sert aucunement le FFS. Tout le monde a le droit \u00e0 la parole. On est d\u2019ailleurs l\u00e0 pour cette raison. Il faut seulement de la s\u00e9r\u00e9nit\u00e9\u00bb, a-t-il ajout\u00e9 \u00e0 l\u2019endroit des militants qui voulaient en d\u00e9coudre avec les membres de la direction nationale. De son cot\u00e9, Hakim Belacel, membre de l\u2019instance pr\u00e9sidentielle de la m\u00eame formation politique, a d\u00e9clar\u00e9 : \u00ab On ne veut pas r\u00e9gler nos probl\u00e8me en dehors des structures du parti. Il faut un respect entre nous. On connait tous, le probl\u00e8me qui surgit ces jours-ci \u00e0 propos du FFS. On sait tous que le FFS a \u00e9t\u00e9 re\u00e7u par Tebboune mais notre parti n\u2019est pas \u00e0 vendre \u00bb, a-t-il dit. Pour sa part, Youcef Aouchiche, premier secr\u00e9taire national du parti, a appel\u00e9 \u00e0 l\u2019unification des rangs du plus ancien parti d\u2019opposition. \u00ab Nous avons toujours appel\u00e9 \u00e0 l\u2019unification et \u00e0 la r\u00e9unification des rangs du front des forces socialistes. C\u2019est pour cette raison que nous sommes l\u00e0 aujourdhui. En tant que membre du conseil national, je joins ma parole \u00e0 celle de ceux qui demandent la tenue, dans les plus brefs d\u00e9lais possibles, d\u2019un congr\u00e8s ordinaire pour sauver le FFS \u00bb, a-t-il affirm\u00e9. Le conseil f\u00e9d\u00e9ral du FFS \u00e0 Tizi Ouzou s\u2019est tenu dans une ambiance de tension.<\/p>\n<p><span class=\"post-views-label\">Post Views:<\/span> <span class=\"post-views-count\">291<\/span><\/p>\n<p><br class=\"c2\"\/><\/p>\n<div class=\"ichhar-moneytagnative c5\" id=\"ichhar-1397119059\">\n<p>Advertisements<\/p>\n<\/div>\n<p><br class=\"c2\"\/><br \/>\n<br class=\"c6\"\/><\/p>\n<p>Auteur: Mohand Yahiaoui<br \/>\n<a href=\"https:\/\/www.elwatan.com\/edition\/actualite\/tizi-ouzou-une-rencontre-du-ffs-perturbee-par-des-militants-contestataires-05-03-2021\">Cliquez ici pour lire l&rsquo;article depuis sa source.<\/a><\/p>\n","protected":false},"excerpt":{"rendered":"<p>Le conseil f\u00e9d\u00e9ral du FFS \u00e9largi qui s\u2019est tenue, jeudi, \u00e0 la maison de la culture Mouloud Mammeri de Tizi Ouzou a \u00e9t\u00e9 perturb\u00e9 par des militants qui voulaient manifester leur m\u00e9contentement contre la direction nationale du parti suite \u00e0 la rencontre tenue avec le Pr\u00e9sident de la R\u00e9publique Abdelmadjid Tebboune. Ainsi, lors des interventions [&hellip;]<\/p>\n","protected":false},"author":1743,"featured_media":0,"comment_status":"closed","ping_status":"closed","sticky":false,"template":"","format":"standard","meta":{"fifu_image_url":"https:\/\/www.elwatan.com\/wp-content\/uploads\/2021\/03\/Les-membres-de-l\u2019instance-pr\u00e9sidentielle-et-du-premier-secr\u00e9taire-du-FFS-jeudi-\u00e0-Tizi-Ouzou.png","fifu_image_alt":"Tizi Ouzou : Une rencontre du FFS perturb\u00e9e par des militants contestataires","footnotes":""},"categories":[73,53],"tags":[],"class_list":["post-112551","post","type-post","status-publish","format-standard","hentry","category-actualite","category-algerie"],"_links":{"self":[{"href":"https:\/\/linitiative.ca\/International\/wp-json\/wp\/v2\/posts\/112551","targetHints":{"allow":["GET"]}}],"collection":[{"href":"https:\/\/linitiative.ca\/International\/wp-json\/wp\/v2\/posts"}],"about":[{"href":"https:\/\/linitiative.ca\/International\/wp-json\/wp\/v2\/types\/post"}],"author":[{"embeddable":true,"href":"https:\/\/linitiative.ca\/International\/wp-json\/wp\/v2\/users\/1743"}],"replies":[{"embeddable":true,"href":"https:\/\/linitiative.ca\/International\/wp-json\/wp\/v2\/comments?post=112551"}],"version-history":[{"count":0,"href":"https:\/\/linitiative.ca\/International\/wp-json\/wp\/v2\/posts\/112551\/revisions"}],"wp:attachment":[{"href":"https:\/\/linitiative.ca\/International\/wp-json\/wp\/v2\/media?parent=112551"}],"wp:term":[{"taxonomy":"category","embeddable":true,"href":"https:\/\/linitiative.ca\/International\/wp-json\/wp\/v2\/categories?post=112551"},{"taxonomy":"post_tag","embeddable":true,"href":"https:\/\/linitiative.ca\/International\/wp-json\/wp\/v2\/tags?post=112551"}],"curies":[{"name":"wp","href":"https:\/\/api.w.org\/{rel}","templated":true}]}}